{"id":246968,"date":"2023-07-11T15:00:37","date_gmt":"2023-07-11T13:00:37","guid":{"rendered":"https:\/\/news.evearly.com\/la-nouvelle-r5-electrique-sillonne-deja-les-routes-deurope\/"},"modified":"2023-07-11T15:00:37","modified_gmt":"2023-07-11T13:00:37","slug":"la-nouvelle-r5-electrique-sillonne-deja-les-routes-deurope","status":"publish","type":"post","link":"https:\/\/www.evearly.news\/fr\/la-nouvelle-r5-electrique-sillonne-deja-les-routes-deurope\/","title":{"rendered":"La nouvelle R5 \u00e9lectrique sillonne d\u00e9j\u00e0 les routes d\u2019Europe"},"content":{"rendered":"<p><img loading=\"lazy\" decoding=\"async\" width=\"1400\" height=\"932\" src=\"https:\/\/news.evearly.com\/wp-content\/uploads\/2023\/07\/la-nouvelle-r5-electrique-sillonne-deja-les-routes-deurope.jpg\" class=\"attachment-full size-full wp-post-image\" alt=\"renault 5 electrique prototype\" \/><\/p>\n<p>Les toutes premi\u00e8res Renault 5 \u00e9lectriques sont assembl\u00e9es au Technocentre, haut lieu de l\u2019ing\u00e9nierie de Renault Group. Et la petite R5 z\u00e9ro \u00e9mission roule d\u00e9j\u00e0 !<a href=\"https:\/\/www.presse-citron.net\/la-nouvelle-r5-electrique-sillonne-deja-les-routes-deurope\/\" target='bwindow' rel=\"noopener\"> Lire la suite&#8230;<\/a><\/p>\n","protected":false},"excerpt":{"rendered":"<p>Les toutes premi\u00e8res Renault 5 \u00e9lectriques sont assembl\u00e9es au Technocentre, haut lieu de l\u2019ing\u00e9nierie de Renault Group. Et la petite R5 z\u00e9ro \u00e9mission roule d\u00e9j\u00e0 !&#8230; <a class=\"continue-reading-link\" href=\"https:\/\/www.evearly.news\/fr\/la-nouvelle-r5-electrique-sillonne-deja-les-routes-deurope\/\"><\/a><\/p>\n","protected":false},"author":18,"featured_media":0,"comment_status":"closed","ping_status":"closed","sticky":false,"template":"Default","format":"standard","meta":{"footnotes":""},"categories":[19],"tags":[],"class_list":["post-246968","post","type-post","status-publish","format-standard","hentry","category-presse-citron"],"_links":{"self":[{"href":"https:\/\/www.evearly.news\/fr\/wp-json\/wp\/v2\/posts\/246968","targetHints":{"allow":["GET"]}}],"collection":[{"href":"https:\/\/www.evearly.news\/fr\/wp-json\/wp\/v2\/posts"}],"about":[{"href":"https:\/\/www.evearly.news\/fr\/wp-json\/wp\/v2\/types\/post"}],"author":[{"embeddable":true,"href":"https:\/\/www.evearly.news\/fr\/wp-json\/wp\/v2\/users\/18"}],"replies":[{"embeddable":true,"href":"https:\/\/www.evearly.news\/fr\/wp-json\/wp\/v2\/comments?post=246968"}],"version-history":[{"count":0,"href":"https:\/\/www.evearly.news\/fr\/wp-json\/wp\/v2\/posts\/246968\/revisions"}],"wp:attachment":[{"href":"https:\/\/www.evearly.news\/fr\/wp-json\/wp\/v2\/media?parent=246968"}],"wp:term":[{"taxonomy":"category","embeddable":true,"href":"https:\/\/www.evearly.news\/fr\/wp-json\/wp\/v2\/categories?post=246968"},{"taxonomy":"post_tag","embeddable":true,"href":"https:\/\/www.evearly.news\/fr\/wp-json\/wp\/v2\/tags?post=246968"}],"curies":[{"name":"wp","href":"https:\/\/api.w.org\/{rel}","templated":true}]}}