{"id":246970,"date":"2023-07-11T14:15:48","date_gmt":"2023-07-11T12:15:48","guid":{"rendered":"https:\/\/news.evearly.com\/partir-en-vacances-avec-une-voiture-electrique-coute-t-il-moins-cher\/"},"modified":"2023-07-11T14:15:48","modified_gmt":"2023-07-11T12:15:48","slug":"partir-en-vacances-avec-une-voiture-electrique-coute-t-il-moins-cher","status":"publish","type":"post","link":"https:\/\/www.evearly.news\/fr\/partir-en-vacances-avec-une-voiture-electrique-coute-t-il-moins-cher\/","title":{"rendered":"Partir en vacances avec une voiture \u00e9lectrique co\u00fbte-t-il moins cher\u00a0?"},"content":{"rendered":"<p><img loading=\"lazy\" decoding=\"async\" width=\"1400\" height=\"932\" src=\"https:\/\/news.evearly.com\/wp-content\/uploads\/2023\/07\/partir-en-vacances-avec-une-voiture-electrique-coute-t-il-moins-cher.jpg\" class=\"attachment-full size-full wp-post-image\" alt=\"Supercharger Tesla\" \/><\/p>\n<p>Les prix sont en l\u00e9g\u00e8re baisse sur les bornes de recharge&nbsp;! Vaut-il mieux partir en vacances en v\u00e9hicule \u00e9lectrique&nbsp;?<a href=\"https:\/\/www.presse-citron.net\/partir-en-vacances-avec-une-voiture-electrique-coute-t-il-moins-cher\/\" target='bwindow' rel=\"noopener\"> Lire la suite&#8230;<\/a><\/p>\n","protected":false},"excerpt":{"rendered":"<p>Les prix sont en l\u00e9g\u00e8re baisse sur les bornes de recharge&nbsp;! Vaut-il mieux partir en vacances en v\u00e9hicule \u00e9lectrique&nbsp;?&#8230; <a class=\"continue-reading-link\" href=\"https:\/\/www.evearly.news\/fr\/partir-en-vacances-avec-une-voiture-electrique-coute-t-il-moins-cher\/\"><\/a><\/p>\n","protected":false},"author":18,"featured_media":0,"comment_status":"closed","ping_status":"closed","sticky":false,"template":"Default","format":"standard","meta":{"footnotes":""},"categories":[19],"tags":[],"class_list":["post-246970","post","type-post","status-publish","format-standard","hentry","category-presse-citron"],"_links":{"self":[{"href":"https:\/\/www.evearly.news\/fr\/wp-json\/wp\/v2\/posts\/246970","targetHints":{"allow":["GET"]}}],"collection":[{"href":"https:\/\/www.evearly.news\/fr\/wp-json\/wp\/v2\/posts"}],"about":[{"href":"https:\/\/www.evearly.news\/fr\/wp-json\/wp\/v2\/types\/post"}],"author":[{"embeddable":true,"href":"https:\/\/www.evearly.news\/fr\/wp-json\/wp\/v2\/users\/18"}],"replies":[{"embeddable":true,"href":"https:\/\/www.evearly.news\/fr\/wp-json\/wp\/v2\/comments?post=246970"}],"version-history":[{"count":0,"href":"https:\/\/www.evearly.news\/fr\/wp-json\/wp\/v2\/posts\/246970\/revisions"}],"wp:attachment":[{"href":"https:\/\/www.evearly.news\/fr\/wp-json\/wp\/v2\/media?parent=246970"}],"wp:term":[{"taxonomy":"category","embeddable":true,"href":"https:\/\/www.evearly.news\/fr\/wp-json\/wp\/v2\/categories?post=246970"},{"taxonomy":"post_tag","embeddable":true,"href":"https:\/\/www.evearly.news\/fr\/wp-json\/wp\/v2\/tags?post=246970"}],"curies":[{"name":"wp","href":"https:\/\/api.w.org\/{rel}","templated":true}]}}