{"id":246972,"date":"2023-07-11T14:57:29","date_gmt":"2023-07-11T12:57:29","guid":{"rendered":"https:\/\/news.evearly.com\/stellantis-et-toyota-detestent-le-plan-de-joe-biden-pour-augmenter-les-ventes-de-voitures-electriques\/"},"modified":"2023-07-11T14:57:29","modified_gmt":"2023-07-11T12:57:29","slug":"stellantis-et-toyota-detestent-le-plan-de-joe-biden-pour-augmenter-les-ventes-de-voitures-electriques","status":"publish","type":"post","link":"https:\/\/www.evearly.news\/fr\/stellantis-et-toyota-detestent-le-plan-de-joe-biden-pour-augmenter-les-ventes-de-voitures-electriques\/","title":{"rendered":"Stellantis et Toyota d\u00e9testent le plan de Joe Biden pour augmenter les ventes de voitures \u00e9lectriques"},"content":{"rendered":"<p><img decoding=\"async\" width=\"1024\" height=\"576\" src=\"https:\/\/news.evearly.com\/wp-content\/uploads\/2023\/07\/stellantis-et-toyota-detestent-le-plan-de-joe-biden-pour-augmenter-les-ventes-de-voitures-electriques.jpg\" class=\"attachment-large size-large wp-post-image\" alt=\"\" loading=\"lazy\" \/><br \/>Le groupe automobile et Toyota se sont montr\u00e9s r\u00e9ticents face au plan du pr\u00e9sident am\u00e9ricain concernant l&rsquo;\u00e9lectrification du parc automobile am\u00e9ricain. Selon eux, l&rsquo;administration \u00ab\u00a0sous-estime\u00a0\u00bb les principaux d\u00e9fis de cette transition. <a href=\"https:\/\/www.numerama.com\/vroom\/1444938-stellantis-et-toyota-sen-prennent-au-plan-de-joe-biden-pour-augmenter-les-ventes-de-voitures-electriques.html\" target='bwindow' rel=\"noopener\">Lire la suite&#8230;<\/a><\/p>\n","protected":false},"excerpt":{"rendered":"<p>&#8230; <a class=\"continue-reading-link\" href=\"https:\/\/www.evearly.news\/fr\/stellantis-et-toyota-detestent-le-plan-de-joe-biden-pour-augmenter-les-ventes-de-voitures-electriques\/\"><\/a><\/p>\n","protected":false},"author":16,"featured_media":0,"comment_status":"closed","ping_status":"closed","sticky":false,"template":"Default","format":"standard","meta":{"footnotes":""},"categories":[17],"tags":[],"class_list":["post-246972","post","type-post","status-publish","format-standard","hentry","category-numerama"],"_links":{"self":[{"href":"https:\/\/www.evearly.news\/fr\/wp-json\/wp\/v2\/posts\/246972","targetHints":{"allow":["GET"]}}],"collection":[{"href":"https:\/\/www.evearly.news\/fr\/wp-json\/wp\/v2\/posts"}],"about":[{"href":"https:\/\/www.evearly.news\/fr\/wp-json\/wp\/v2\/types\/post"}],"author":[{"embeddable":true,"href":"https:\/\/www.evearly.news\/fr\/wp-json\/wp\/v2\/users\/16"}],"replies":[{"embeddable":true,"href":"https:\/\/www.evearly.news\/fr\/wp-json\/wp\/v2\/comments?post=246972"}],"version-history":[{"count":0,"href":"https:\/\/www.evearly.news\/fr\/wp-json\/wp\/v2\/posts\/246972\/revisions"}],"wp:attachment":[{"href":"https:\/\/www.evearly.news\/fr\/wp-json\/wp\/v2\/media?parent=246972"}],"wp:term":[{"taxonomy":"category","embeddable":true,"href":"https:\/\/www.evearly.news\/fr\/wp-json\/wp\/v2\/categories?post=246972"},{"taxonomy":"post_tag","embeddable":true,"href":"https:\/\/www.evearly.news\/fr\/wp-json\/wp\/v2\/tags?post=246972"}],"curies":[{"name":"wp","href":"https:\/\/api.w.org\/{rel}","templated":true}]}}