{"id":246974,"date":"2023-07-11T14:26:04","date_gmt":"2023-07-11T12:26:04","guid":{"rendered":"https:\/\/news.evearly.com\/departs-en-vacances-99-des-aires-de-service-des-autoroutes-concedees-sont-equipees-en-recharge-rapide\/"},"modified":"2026-03-20T00:23:22","modified_gmt":"2026-03-19T23:23:22","slug":"departs-en-vacances-99-des-aires-de-service-des-autoroutes-concedees-sont-equipees-en-recharge-rapide","status":"publish","type":"post","link":"https:\/\/www.evearly.news\/fr\/departs-en-vacances-99-des-aires-de-service-des-autoroutes-concedees-sont-equipees-en-recharge-rapide\/","title":{"rendered":"D\u00e9parts en vacances : 99 % des aires de service des autoroutes conc\u00e9d\u00e9es sont \u00e9quip\u00e9es en recharge rapide"},"content":{"rendered":"<p><img decoding=\"async\" src=\"https:\/\/www.avere-france.org\/wp-content\/uploads\/2023\/07\/recharge_sur_autoroute.jpg\" \/><br \/>\nAlors que de nombreux Fran\u00e7ais s\u2019appr\u00eatent \u00e0 partir en vacances, l\u2019Avere-France, l\u2019association nationale pour le d\u00e9veloppement de la mobilit\u00e9 \u00e9lectrique, fait le point sur les d\u00e9ploiements d\u2019infrastructures de recharge sur les autoroutes. Au 30 juin 2023, 99 % des aires de service du r\u00e9seau autoroutier conc\u00e9d\u00e9 \u00e9taient \u00e9quip\u00e9es en recharge rapide. <a href=\"https:\/\/www.avere-france.org\/departs-en-vacances-99-des-aires-de-service-des-autoroutes-concedees-equipees-en-recharge-rapide\/\" target=\"bwindow\" rel=\"noopener\">Lire la suite&#8230;<\/a><\/p>\n","protected":false},"excerpt":{"rendered":"<p>&#8230; <a class=\"continue-reading-link\" href=\"https:\/\/www.evearly.news\/fr\/departs-en-vacances-99-des-aires-de-service-des-autoroutes-concedees-sont-equipees-en-recharge-rapide\/\"><\/a><\/p>\n","protected":false},"author":10,"featured_media":0,"comment_status":"closed","ping_status":"closed","sticky":false,"template":"Default","format":"standard","meta":{"footnotes":""},"categories":[9],"tags":[],"class_list":["post-246974","post","type-post","status-publish","format-standard","hentry","category-avere-france"],"_links":{"self":[{"href":"https:\/\/www.evearly.news\/fr\/wp-json\/wp\/v2\/posts\/246974","targetHints":{"allow":["GET"]}}],"collection":[{"href":"https:\/\/www.evearly.news\/fr\/wp-json\/wp\/v2\/posts"}],"about":[{"href":"https:\/\/www.evearly.news\/fr\/wp-json\/wp\/v2\/types\/post"}],"author":[{"embeddable":true,"href":"https:\/\/www.evearly.news\/fr\/wp-json\/wp\/v2\/users\/10"}],"replies":[{"embeddable":true,"href":"https:\/\/www.evearly.news\/fr\/wp-json\/wp\/v2\/comments?post=246974"}],"version-history":[{"count":1,"href":"https:\/\/www.evearly.news\/fr\/wp-json\/wp\/v2\/posts\/246974\/revisions"}],"predecessor-version":[{"id":319288,"href":"https:\/\/www.evearly.news\/fr\/wp-json\/wp\/v2\/posts\/246974\/revisions\/319288"}],"wp:attachment":[{"href":"https:\/\/www.evearly.news\/fr\/wp-json\/wp\/v2\/media?parent=246974"}],"wp:term":[{"taxonomy":"category","embeddable":true,"href":"https:\/\/www.evearly.news\/fr\/wp-json\/wp\/v2\/categories?post=246974"},{"taxonomy":"post_tag","embeddable":true,"href":"https:\/\/www.evearly.news\/fr\/wp-json\/wp\/v2\/tags?post=246974"}],"curies":[{"name":"wp","href":"https:\/\/api.w.org\/{rel}","templated":true}]}}