{"id":247081,"date":"2023-07-12T10:14:42","date_gmt":"2023-07-12T08:14:42","guid":{"rendered":"https:\/\/news.evearly.com\/mercedes-prend-encore-une-longueur-davance-sur-tesla-en-europe-grace-a-cette-nouvelle-technologie\/"},"modified":"2023-12-06T10:46:16","modified_gmt":"2023-12-06T09:46:16","slug":"mercedes-prend-encore-une-longueur-davance-sur-tesla-en-europe-grace-a-cette-nouvelle-technologie","status":"publish","type":"post","link":"https:\/\/www.evearly.news\/fr\/mercedes-prend-encore-une-longueur-davance-sur-tesla-en-europe-grace-a-cette-nouvelle-technologie\/","title":{"rendered":"Mercedes prend encore une longueur d\u2019avance sur Tesla en Europe gr\u00e2ce \u00e0 cette nouvelle technologie"},"content":{"rendered":"<p><img decoding=\"async\" width=\"1200\" height=\"675\" src=\"https:\/\/news.evearly.com\/wp-content\/uploads\/2023\/07\/mercedes-prend-encore-une-longueur-davance-sur-tesla-en-europe-grace-a-cette-nouvelle-technologie.jpg\" class=\"attachment-large size-large wp-post-image\" alt=\"\" loading=\"lazy\" \/><br \/>Mercedes va rendre ses voitures compatibles avec le changement de voie automatis\u00e9 au cours des prochains mois. Une technologie qui n&rsquo;est pas propos\u00e9e par Tesla en Europe, alors que c&rsquo;est elle qui permettra la conduite enti\u00e8rement autonome sur autoroute \u00e0 130 km\/h. <a href=\"https:\/\/www.frandroid.com\/marques\/mercedes-benz\/1743187_mercedes-prend-encore-une-longueur-davance-sur-tesla-en-europe-grace-a-cette-nouvelle-technologie\" target=\"blank\" rel=\"noopener\">Lire la suite&#8230;<\/a><\/p>\n","protected":false},"excerpt":{"rendered":"<p><img decoding=\"async\" width=\"1200\" height=\"675\" src=\"https:\/\/news.evearly.com\/wp-content\/uploads\/2023\/07\/mercedes-prend-encore-une-longueur-davance-sur-tesla-en-europe-grace-a-cette-nouvelle-technologie.jpg\" class=\"attachment-large size-large wp-post-image\" alt=\"\" loading=\"lazy\" \/><br \/>Mercedes va rendre ses voitures compatibles avec le changement de voie automatis\u00e9 au cours des prochains mois. Une technologie qui n&rsquo;est pas propos\u00e9e par Tesla en Europe, alors que c&rsquo;est elle qui permettra la conduite enti\u00e8rement autonome sur autoroute \u00e0 130 km\/h.\n<\/p>\n<p> <a class=\"continue-reading-link\" href=\"https:\/\/www.evearly.news\/fr\/mercedes-prend-encore-une-longueur-davance-sur-tesla-en-europe-grace-a-cette-nouvelle-technologie\/\"><\/a><\/p>\n","protected":false},"author":6,"featured_media":247082,"comment_status":"closed","ping_status":"closed","sticky":false,"template":"","format":"standard","meta":{"footnotes":""},"categories":[14],"tags":[],"class_list":["post-247081","post","type-post","status-publish","format-standard","has-post-thumbnail","hentry","category-frandroid"],"_links":{"self":[{"href":"https:\/\/www.evearly.news\/fr\/wp-json\/wp\/v2\/posts\/247081","targetHints":{"allow":["GET"]}}],"collection":[{"href":"https:\/\/www.evearly.news\/fr\/wp-json\/wp\/v2\/posts"}],"about":[{"href":"https:\/\/www.evearly.news\/fr\/wp-json\/wp\/v2\/types\/post"}],"author":[{"embeddable":true,"href":"https:\/\/www.evearly.news\/fr\/wp-json\/wp\/v2\/users\/6"}],"replies":[{"embeddable":true,"href":"https:\/\/www.evearly.news\/fr\/wp-json\/wp\/v2\/comments?post=247081"}],"version-history":[{"count":1,"href":"https:\/\/www.evearly.news\/fr\/wp-json\/wp\/v2\/posts\/247081\/revisions"}],"predecessor-version":[{"id":269362,"href":"https:\/\/www.evearly.news\/fr\/wp-json\/wp\/v2\/posts\/247081\/revisions\/269362"}],"wp:featuredmedia":[{"embeddable":true,"href":"https:\/\/www.evearly.news\/fr\/wp-json\/"}],"wp:attachment":[{"href":"https:\/\/www.evearly.news\/fr\/wp-json\/wp\/v2\/media?parent=247081"}],"wp:term":[{"taxonomy":"category","embeddable":true,"href":"https:\/\/www.evearly.news\/fr\/wp-json\/wp\/v2\/categories?post=247081"},{"taxonomy":"post_tag","embeddable":true,"href":"https:\/\/www.evearly.news\/fr\/wp-json\/wp\/v2\/tags?post=247081"}],"curies":[{"name":"wp","href":"https:\/\/api.w.org\/{rel}","templated":true}]}}