{"id":247094,"date":"2023-07-12T10:52:13","date_gmt":"2023-07-12T08:52:13","guid":{"rendered":"https:\/\/news.evearly.com\/voici-la-solution-de-toyota-pour-reduire-le-prix-de-ses-voitures-electriques\/"},"modified":"2023-12-06T10:46:15","modified_gmt":"2023-12-06T09:46:15","slug":"voici-la-solution-de-toyota-pour-reduire-le-prix-de-ses-voitures-electriques","status":"publish","type":"post","link":"https:\/\/www.evearly.news\/fr\/voici-la-solution-de-toyota-pour-reduire-le-prix-de-ses-voitures-electriques\/","title":{"rendered":"Voici la solution de Toyota pour r\u00e9duire le prix de ses voitures \u00e9lectriques"},"content":{"rendered":"<p><img decoding=\"async\" width=\"1200\" height=\"675\" src=\"https:\/\/news.evearly.com\/wp-content\/uploads\/2023\/07\/voici-la-solution-de-toyota-pour-reduire-le-prix-de-ses-voitures-electriques.jpg\" class=\"attachment-large size-large wp-post-image\" alt=\"\" loading=\"lazy\" \/><br \/>Enfin d\u00e9cid\u00e9e \u00e0 croire \u00e0 l&rsquo;\u00e9lectrique, Toyota annonce une nouvelle strat\u00e9gie afin de rentabiliser ses investissements. La firme japonaise pr\u00e9voit notamment de partager sa nouvelle plateforme ainsi que certains organes avec d&rsquo;autres marques, dont Mazda, Subaru ou encore Suzuki. Le but ? D\u00e9penser moins d&rsquo;argent tout en inondant le march\u00e9. Malin ! <a href=\"https:\/\/www.frandroid.com\/marques\/toyota\/1743225_voici-la-solution-de-toyota-pour-reduire-le-prix-de-ses-voitures-electriques\" target=\"blank\" rel=\"noopener\">Lire la suite&#8230;<\/a><\/p>\n","protected":false},"excerpt":{"rendered":"<p><img decoding=\"async\" width=\"1200\" height=\"675\" src=\"https:\/\/news.evearly.com\/wp-content\/uploads\/2023\/07\/voici-la-solution-de-toyota-pour-reduire-le-prix-de-ses-voitures-electriques.jpg\" class=\"attachment-large size-large wp-post-image\" alt=\"\" loading=\"lazy\" \/><br \/>Enfin d\u00e9cid\u00e9e \u00e0 croire \u00e0 l&rsquo;\u00e9lectrique, Toyota annonce une nouvelle strat\u00e9gie afin de rentabiliser ses investissements. La firme japonaise pr\u00e9voit notamment de partager sa nouvelle plateforme ainsi que certains organes avec d&rsquo;autres marques, dont Mazda, Subaru ou encore Suzuki. Le but ? D\u00e9penser moins d&rsquo;argent tout en inondant le march\u00e9. Malin !\n<\/p>\n<p> <a class=\"continue-reading-link\" href=\"https:\/\/www.evearly.news\/fr\/voici-la-solution-de-toyota-pour-reduire-le-prix-de-ses-voitures-electriques\/\"><\/a><\/p>\n","protected":false},"author":6,"featured_media":247095,"comment_status":"closed","ping_status":"closed","sticky":false,"template":"","format":"standard","meta":{"footnotes":""},"categories":[14],"tags":[],"class_list":["post-247094","post","type-post","status-publish","format-standard","has-post-thumbnail","hentry","category-frandroid"],"_links":{"self":[{"href":"https:\/\/www.evearly.news\/fr\/wp-json\/wp\/v2\/posts\/247094","targetHints":{"allow":["GET"]}}],"collection":[{"href":"https:\/\/www.evearly.news\/fr\/wp-json\/wp\/v2\/posts"}],"about":[{"href":"https:\/\/www.evearly.news\/fr\/wp-json\/wp\/v2\/types\/post"}],"author":[{"embeddable":true,"href":"https:\/\/www.evearly.news\/fr\/wp-json\/wp\/v2\/users\/6"}],"replies":[{"embeddable":true,"href":"https:\/\/www.evearly.news\/fr\/wp-json\/wp\/v2\/comments?post=247094"}],"version-history":[{"count":1,"href":"https:\/\/www.evearly.news\/fr\/wp-json\/wp\/v2\/posts\/247094\/revisions"}],"predecessor-version":[{"id":269361,"href":"https:\/\/www.evearly.news\/fr\/wp-json\/wp\/v2\/posts\/247094\/revisions\/269361"}],"wp:featuredmedia":[{"embeddable":true,"href":"https:\/\/www.evearly.news\/fr\/wp-json\/"}],"wp:attachment":[{"href":"https:\/\/www.evearly.news\/fr\/wp-json\/wp\/v2\/media?parent=247094"}],"wp:term":[{"taxonomy":"category","embeddable":true,"href":"https:\/\/www.evearly.news\/fr\/wp-json\/wp\/v2\/categories?post=247094"},{"taxonomy":"post_tag","embeddable":true,"href":"https:\/\/www.evearly.news\/fr\/wp-json\/wp\/v2\/tags?post=247094"}],"curies":[{"name":"wp","href":"https:\/\/api.w.org\/{rel}","templated":true}]}}