{"id":247100,"date":"2023-07-12T11:29:39","date_gmt":"2023-07-12T09:29:39","guid":{"rendered":"https:\/\/news.evearly.com\/recharger-sa-voiture-electrique-sur-autoroute-nest-plus-un-probleme-voici-la-preuve\/"},"modified":"2023-12-06T10:46:13","modified_gmt":"2023-12-06T09:46:13","slug":"recharger-sa-voiture-electrique-sur-autoroute-nest-plus-un-probleme-voici-la-preuve","status":"publish","type":"post","link":"https:\/\/www.evearly.news\/fr\/recharger-sa-voiture-electrique-sur-autoroute-nest-plus-un-probleme-voici-la-preuve\/","title":{"rendered":"Recharger sa voiture \u00e9lectrique sur autoroute n\u2019est plus un probl\u00e8me : voici la preuve"},"content":{"rendered":"<p><img decoding=\"async\" width=\"1200\" height=\"801\" src=\"https:\/\/news.evearly.com\/wp-content\/uploads\/2023\/07\/recharger-sa-voiture-electrique-sur-autoroute-nest-plus-un-probleme-voici-la-preuve.jpg\" class=\"attachment-large size-large wp-post-image\" alt=\"\" loading=\"lazy\" \/><br \/>Enedis publie une carte des aires d&rsquo;autoroute dot\u00e9es de bornes de recharge pour voitures \u00e9lectriques. Si toute la France est d\u00e9sormais couverte, la r\u00e9partition reste encore tr\u00e8s in\u00e9gale et certaines zones sont nettement moins bien dot\u00e9es. Surtout, la fiabilit\u00e9 doit \u00eatre prise en compte. On fait le point. <a href=\"https:\/\/www.frandroid.com\/survoltes\/voitures-electriques\/1743331_recharger-sa-voiture-electrique-sur-autoroute-nest-plus-un-probleme-voici-la-preuve\" target=\"blank\" rel=\"noopener\">Lire la suite&#8230;<\/a><\/p>\n","protected":false},"excerpt":{"rendered":"<p><img decoding=\"async\" width=\"1200\" height=\"801\" src=\"https:\/\/news.evearly.com\/wp-content\/uploads\/2023\/07\/recharger-sa-voiture-electrique-sur-autoroute-nest-plus-un-probleme-voici-la-preuve.jpg\" class=\"attachment-large size-large wp-post-image\" alt=\"\" loading=\"lazy\" \/><br \/>Enedis publie une carte des aires d&rsquo;autoroute dot\u00e9es de bornes de recharge pour voitures \u00e9lectriques. Si toute la France est d\u00e9sormais couverte, la r\u00e9partition reste encore tr\u00e8s in\u00e9gale et certaines zones sont nettement moins bien dot\u00e9es. Surtout, la fiabilit\u00e9 doit \u00eatre prise en compte. On fait le point.<\/p>\n<p> <a class=\"continue-reading-link\" href=\"https:\/\/www.evearly.news\/fr\/recharger-sa-voiture-electrique-sur-autoroute-nest-plus-un-probleme-voici-la-preuve\/\"><\/a><\/p>\n","protected":false},"author":6,"featured_media":247101,"comment_status":"closed","ping_status":"closed","sticky":false,"template":"","format":"standard","meta":{"footnotes":""},"categories":[14],"tags":[],"class_list":["post-247100","post","type-post","status-publish","format-standard","has-post-thumbnail","hentry","category-frandroid"],"_links":{"self":[{"href":"https:\/\/www.evearly.news\/fr\/wp-json\/wp\/v2\/posts\/247100","targetHints":{"allow":["GET"]}}],"collection":[{"href":"https:\/\/www.evearly.news\/fr\/wp-json\/wp\/v2\/posts"}],"about":[{"href":"https:\/\/www.evearly.news\/fr\/wp-json\/wp\/v2\/types\/post"}],"author":[{"embeddable":true,"href":"https:\/\/www.evearly.news\/fr\/wp-json\/wp\/v2\/users\/6"}],"replies":[{"embeddable":true,"href":"https:\/\/www.evearly.news\/fr\/wp-json\/wp\/v2\/comments?post=247100"}],"version-history":[{"count":1,"href":"https:\/\/www.evearly.news\/fr\/wp-json\/wp\/v2\/posts\/247100\/revisions"}],"predecessor-version":[{"id":269360,"href":"https:\/\/www.evearly.news\/fr\/wp-json\/wp\/v2\/posts\/247100\/revisions\/269360"}],"wp:featuredmedia":[{"embeddable":true,"href":"https:\/\/www.evearly.news\/fr\/wp-json\/"}],"wp:attachment":[{"href":"https:\/\/www.evearly.news\/fr\/wp-json\/wp\/v2\/media?parent=247100"}],"wp:term":[{"taxonomy":"category","embeddable":true,"href":"https:\/\/www.evearly.news\/fr\/wp-json\/wp\/v2\/categories?post=247100"},{"taxonomy":"post_tag","embeddable":true,"href":"https:\/\/www.evearly.news\/fr\/wp-json\/wp\/v2\/tags?post=247100"}],"curies":[{"name":"wp","href":"https:\/\/api.w.org\/{rel}","templated":true}]}}