{"id":247231,"date":"2023-07-13T09:39:41","date_gmt":"2023-07-13T07:39:41","guid":{"rendered":"https:\/\/news.evearly.com\/ces-deux-voitures-electriques-chinoises-font-partie-des-plus-sures-du-marche-en-cas-daccident\/"},"modified":"2023-12-06T10:46:10","modified_gmt":"2023-12-06T09:46:10","slug":"ces-deux-voitures-electriques-chinoises-font-partie-des-plus-sures-du-marche-en-cas-daccident","status":"publish","type":"post","link":"https:\/\/www.evearly.news\/fr\/ces-deux-voitures-electriques-chinoises-font-partie-des-plus-sures-du-marche-en-cas-daccident\/","title":{"rendered":"Ces deux voitures \u00e9lectriques chinoises font partie des plus s\u00fbres du march\u00e9 en cas d\u2019accident"},"content":{"rendered":"<p><img decoding=\"async\" width=\"1200\" height=\"800\" src=\"https:\/\/news.evearly.com\/wp-content\/uploads\/2023\/07\/ces-deux-voitures-electriques-chinoises-font-partie-des-plus-sures-du-marche-en-cas-daccident.jpg\" class=\"attachment-large size-large wp-post-image\" alt=\"Nio ET5\" loading=\"lazy\" \/><br \/>L&rsquo;organisme de crash-test EuroNCAP vient de publier une nouvelle salve de r\u00e9sultats. Parmi eux, ceux des nouvelles Nio ET5 et EL7 vendus depuis peu en Europe, qui cartonnent et obtiennent la note maximale de cinq \u00e9toiles. La berline et le SUV font partie des voitures \u00e9lectriques les plus s\u00fbres du march\u00e9 actuellement. <a href=\"https:\/\/www.frandroid.com\/marques\/nio\/1744587_ces-deux-voitures-electriques-chinoises-font-partie-des-plus-sures-du-marche-en-cas-daccident\" target=\"blank\" rel=\"noopener\">Lire la suite&#8230;<\/a><\/p>\n","protected":false},"excerpt":{"rendered":"<p><img decoding=\"async\" width=\"1200\" height=\"800\" src=\"https:\/\/news.evearly.com\/wp-content\/uploads\/2023\/07\/ces-deux-voitures-electriques-chinoises-font-partie-des-plus-sures-du-marche-en-cas-daccident.jpg\" class=\"attachment-large size-large wp-post-image\" alt=\"Nio ET5\" loading=\"lazy\" \/><br \/>L&rsquo;organisme de crash-test EuroNCAP vient de publier une nouvelle salve de r\u00e9sultats. Parmi eux, ceux des nouvelles Nio ET5 et EL7 vendus depuis peu en Europe, qui cartonnent et obtiennent la note maximale de cinq \u00e9toiles. La berline et le SUV font partie des voitures \u00e9lectriques les plus s\u00fbres du march\u00e9 actuellement.\n<\/p>\n<p> <a class=\"continue-reading-link\" href=\"https:\/\/www.evearly.news\/fr\/ces-deux-voitures-electriques-chinoises-font-partie-des-plus-sures-du-marche-en-cas-daccident\/\"><\/a><\/p>\n","protected":false},"author":6,"featured_media":247232,"comment_status":"closed","ping_status":"closed","sticky":false,"template":"","format":"standard","meta":{"footnotes":""},"categories":[14],"tags":[],"class_list":["post-247231","post","type-post","status-publish","format-standard","has-post-thumbnail","hentry","category-frandroid"],"_links":{"self":[{"href":"https:\/\/www.evearly.news\/fr\/wp-json\/wp\/v2\/posts\/247231","targetHints":{"allow":["GET"]}}],"collection":[{"href":"https:\/\/www.evearly.news\/fr\/wp-json\/wp\/v2\/posts"}],"about":[{"href":"https:\/\/www.evearly.news\/fr\/wp-json\/wp\/v2\/types\/post"}],"author":[{"embeddable":true,"href":"https:\/\/www.evearly.news\/fr\/wp-json\/wp\/v2\/users\/6"}],"replies":[{"embeddable":true,"href":"https:\/\/www.evearly.news\/fr\/wp-json\/wp\/v2\/comments?post=247231"}],"version-history":[{"count":1,"href":"https:\/\/www.evearly.news\/fr\/wp-json\/wp\/v2\/posts\/247231\/revisions"}],"predecessor-version":[{"id":269358,"href":"https:\/\/www.evearly.news\/fr\/wp-json\/wp\/v2\/posts\/247231\/revisions\/269358"}],"wp:featuredmedia":[{"embeddable":true,"href":"https:\/\/www.evearly.news\/fr\/wp-json\/"}],"wp:attachment":[{"href":"https:\/\/www.evearly.news\/fr\/wp-json\/wp\/v2\/media?parent=247231"}],"wp:term":[{"taxonomy":"category","embeddable":true,"href":"https:\/\/www.evearly.news\/fr\/wp-json\/wp\/v2\/categories?post=247231"},{"taxonomy":"post_tag","embeddable":true,"href":"https:\/\/www.evearly.news\/fr\/wp-json\/wp\/v2\/tags?post=247231"}],"curies":[{"name":"wp","href":"https:\/\/api.w.org\/{rel}","templated":true}]}}