{"id":247245,"date":"2023-07-13T10:36:33","date_gmt":"2023-07-13T08:36:33","guid":{"rendered":"https:\/\/news.evearly.com\/cette-nouvelle-voiture-electrique-a-tout-compris-avec-une-recharge-tres-rapide-et-une-petite-batterie\/"},"modified":"2023-12-06T10:46:09","modified_gmt":"2023-12-06T09:46:09","slug":"cette-nouvelle-voiture-electrique-a-tout-compris-avec-une-recharge-tres-rapide-et-une-petite-batterie","status":"publish","type":"post","link":"https:\/\/www.evearly.news\/fr\/cette-nouvelle-voiture-electrique-a-tout-compris-avec-une-recharge-tres-rapide-et-une-petite-batterie\/","title":{"rendered":"Cette nouvelle voiture \u00e9lectrique a tout compris avec une recharge tr\u00e8s rapide et une \u00ab\u00a0petite\u00a0\u00bb batterie"},"content":{"rendered":"<p><img decoding=\"async\" width=\"1200\" height=\"675\" src=\"https:\/\/news.evearly.com\/wp-content\/uploads\/2023\/07\/cette-nouvelle-voiture-electrique-a-tout-compris-avec-une-recharge-tres-rapide-et-une-petite-batterie.jpg\" class=\"attachment-large size-large wp-post-image\" alt=\"\" loading=\"lazy\" \/><br \/>Caterham d\u00e9voile sa derni\u00e8re cr\u00e9ation en date, la Project V, une voiture \u00e9lectrique. Il s&rsquo;agit pour l&rsquo;heure d&rsquo;un concept de coup\u00e9 sportif \u00e9lectrique, qui pourrait un jour devenir r\u00e9alit\u00e9. Et bonne nouvelle, on conna\u00eet ses sp\u00e9cificit\u00e9s techniques, qui se r\u00e9v\u00e8lent tr\u00e8s int\u00e9ressantes. <a href=\"https:\/\/www.frandroid.com\/survoltes\/voitures-electriques\/1744601_cette-nouvelle-voiture-electrique-a-tout-compris-avec-une-recharge-tres-rapide-et-une-petite-batterie\" target=\"blank\" rel=\"noopener\">Lire la suite&#8230;<\/a><\/p>\n","protected":false},"excerpt":{"rendered":"<p><img decoding=\"async\" width=\"1200\" height=\"675\" src=\"https:\/\/news.evearly.com\/wp-content\/uploads\/2023\/07\/cette-nouvelle-voiture-electrique-a-tout-compris-avec-une-recharge-tres-rapide-et-une-petite-batterie.jpg\" class=\"attachment-large size-large wp-post-image\" alt=\"\" loading=\"lazy\" \/><br \/>Caterham d\u00e9voile sa derni\u00e8re cr\u00e9ation en date, la Project V, une voiture \u00e9lectrique. Il s&rsquo;agit pour l&rsquo;heure d&rsquo;un concept de coup\u00e9 sportif \u00e9lectrique, qui pourrait un jour devenir r\u00e9alit\u00e9. Et bonne nouvelle, on conna\u00eet ses sp\u00e9cificit\u00e9s techniques, qui se r\u00e9v\u00e8lent tr\u00e8s int\u00e9ressantes.<\/p>\n<p> <a class=\"continue-reading-link\" href=\"https:\/\/www.evearly.news\/fr\/cette-nouvelle-voiture-electrique-a-tout-compris-avec-une-recharge-tres-rapide-et-une-petite-batterie\/\"><\/a><\/p>\n","protected":false},"author":6,"featured_media":247246,"comment_status":"closed","ping_status":"closed","sticky":false,"template":"","format":"standard","meta":{"footnotes":""},"categories":[14],"tags":[],"class_list":["post-247245","post","type-post","status-publish","format-standard","has-post-thumbnail","hentry","category-frandroid"],"_links":{"self":[{"href":"https:\/\/www.evearly.news\/fr\/wp-json\/wp\/v2\/posts\/247245","targetHints":{"allow":["GET"]}}],"collection":[{"href":"https:\/\/www.evearly.news\/fr\/wp-json\/wp\/v2\/posts"}],"about":[{"href":"https:\/\/www.evearly.news\/fr\/wp-json\/wp\/v2\/types\/post"}],"author":[{"embeddable":true,"href":"https:\/\/www.evearly.news\/fr\/wp-json\/wp\/v2\/users\/6"}],"replies":[{"embeddable":true,"href":"https:\/\/www.evearly.news\/fr\/wp-json\/wp\/v2\/comments?post=247245"}],"version-history":[{"count":1,"href":"https:\/\/www.evearly.news\/fr\/wp-json\/wp\/v2\/posts\/247245\/revisions"}],"predecessor-version":[{"id":269357,"href":"https:\/\/www.evearly.news\/fr\/wp-json\/wp\/v2\/posts\/247245\/revisions\/269357"}],"wp:featuredmedia":[{"embeddable":true,"href":"https:\/\/www.evearly.news\/fr\/wp-json\/"}],"wp:attachment":[{"href":"https:\/\/www.evearly.news\/fr\/wp-json\/wp\/v2\/media?parent=247245"}],"wp:term":[{"taxonomy":"category","embeddable":true,"href":"https:\/\/www.evearly.news\/fr\/wp-json\/wp\/v2\/categories?post=247245"},{"taxonomy":"post_tag","embeddable":true,"href":"https:\/\/www.evearly.news\/fr\/wp-json\/wp\/v2\/tags?post=247245"}],"curies":[{"name":"wp","href":"https:\/\/api.w.org\/{rel}","templated":true}]}}