{"id":247257,"date":"2023-07-13T11:30:00","date_gmt":"2023-07-13T09:30:00","guid":{"rendered":"https:\/\/news.evearly.com\/porsche-vision-357-speedster-apres-le-coupe-le-decouvrable-inspire-de-la-356\/"},"modified":"2023-08-17T04:31:47","modified_gmt":"2023-08-17T04:31:47","slug":"porsche-vision-357-speedster-apres-le-coupe-le-decouvrable-inspire-de-la-356","status":"publish","type":"post","link":"https:\/\/www.evearly.news\/fr\/porsche-vision-357-speedster-apres-le-coupe-le-decouvrable-inspire-de-la-356\/","title":{"rendered":"Porsche Vision 357 Speedster : apr\u00e8s le coup\u00e9, le d\u00e9couvrable inspir\u00e9 de la 356"},"content":{"rendered":"<div class=\"media_block\"><img decoding=\"async\" src=\"https:\/\/news.evearly.com\/wp-content\/uploads\/2023\/07\/porsche-vision-357-speedster-apres-le-coupe-le-decouvrable-inspire-de-la-356.jpg\"><\/div>\n<p>En d\u00e9but d&rsquo;ann\u00e9e, Porsche f\u00eatait son anniversaire avec la Vision 357. Voici la version Speedster, mais cette fois, elle est \u00e9lectrique ! <a href=\"https:\/\/www.automobile-magazine.fr\/voitures-electriques\/article\/39434-porsche-vision-357-speedster-apres-le-coupe-le-decouvrable-inspire-de-la-356\" target='bwindow' rel=\"noopener\">Lire la suite&#8230;<\/a><\/p>\n","protected":false},"excerpt":{"rendered":"<div class=\"media_block\"><img decoding=\"async\" src=\"https:\/\/news.evearly.com\/wp-content\/uploads\/2023\/07\/porsche-vision-357-speedster-apres-le-coupe-le-decouvrable-inspire-de-la-356.jpg\"><\/div>\n<p> <a class=\"continue-reading-link\" href=\"https:\/\/www.evearly.news\/fr\/porsche-vision-357-speedster-apres-le-coupe-le-decouvrable-inspire-de-la-356\/\"><\/a><\/p>\n","protected":false},"author":7,"featured_media":0,"comment_status":"closed","ping_status":"closed","sticky":false,"template":"","format":"standard","meta":{"footnotes":""},"categories":[7],"tags":[],"class_list":["post-247257","post","type-post","status-publish","format-standard","hentry","category-automobile-magazine"],"_links":{"self":[{"href":"https:\/\/www.evearly.news\/fr\/wp-json\/wp\/v2\/posts\/247257","targetHints":{"allow":["GET"]}}],"collection":[{"href":"https:\/\/www.evearly.news\/fr\/wp-json\/wp\/v2\/posts"}],"about":[{"href":"https:\/\/www.evearly.news\/fr\/wp-json\/wp\/v2\/types\/post"}],"author":[{"embeddable":true,"href":"https:\/\/www.evearly.news\/fr\/wp-json\/wp\/v2\/users\/7"}],"replies":[{"embeddable":true,"href":"https:\/\/www.evearly.news\/fr\/wp-json\/wp\/v2\/comments?post=247257"}],"version-history":[{"count":1,"href":"https:\/\/www.evearly.news\/fr\/wp-json\/wp\/v2\/posts\/247257\/revisions"}],"predecessor-version":[{"id":252858,"href":"https:\/\/www.evearly.news\/fr\/wp-json\/wp\/v2\/posts\/247257\/revisions\/252858"}],"wp:attachment":[{"href":"https:\/\/www.evearly.news\/fr\/wp-json\/wp\/v2\/media?parent=247257"}],"wp:term":[{"taxonomy":"category","embeddable":true,"href":"https:\/\/www.evearly.news\/fr\/wp-json\/wp\/v2\/categories?post=247257"},{"taxonomy":"post_tag","embeddable":true,"href":"https:\/\/www.evearly.news\/fr\/wp-json\/wp\/v2\/tags?post=247257"}],"curies":[{"name":"wp","href":"https:\/\/api.w.org\/{rel}","templated":true}]}}