{"id":247635,"date":"2023-07-17T08:32:03","date_gmt":"2023-07-17T08:32:03","guid":{"rendered":"https:\/\/news.evearly.com\/le-premier-cybertruck-de-serie-est-sorti-des-lignes-de-production\/"},"modified":"2023-08-28T11:51:38","modified_gmt":"2023-08-28T11:51:38","slug":"le-premier-cybertruck-de-serie-est-sorti-des-lignes-de-production","status":"publish","type":"post","link":"https:\/\/www.evearly.news\/fr\/le-premier-cybertruck-de-serie-est-sorti-des-lignes-de-production\/","title":{"rendered":"Le premier Cybertruck de s\u00e9rie est sorti des lignes de production"},"content":{"rendered":"<p><img decoding=\"async\" width=\"500\" height=\"333\" src=\"https:\/\/news.evearly.com\/wp-content\/uploads\/2023\/07\/le-premier-cybertruck-de-serie-est-sorti-des-lignes-de-production.jpg\" class=\"attachment-1200x800 size-1200x800 wp-post-image\" alt=\"\" loading=\"lazy\" \/><br \/>\nNous y sommes ! Le tout premier Cybertruck de s\u00e9rie vient (enfin) de voir le jour. Tesla l&rsquo;a fi\u00e8rement annonc\u00e9\u2026 <a href=\"https:\/\/www.automobile-propre.com\/le-premier-cybertruck-de-serie-est-sorti-des-lignes-de-production\/\" target='bwindow' rel=\"noopener\">Lire la suite&#8230;<\/a><\/p>\n","protected":false},"excerpt":{"rendered":"<p>Nous y sommes ! Le tout premier Cybertruck de s\u00e9rie vient (enfin) de voir le jour. Tesla l&rsquo;a fi\u00e8rement annonc\u00e9\u2026<\/p>\n<p> Lire la suite&#8230;&#8230; <a class=\"continue-reading-link\" href=\"https:\/\/www.evearly.news\/fr\/le-premier-cybertruck-de-serie-est-sorti-des-lignes-de-production\/\"><\/a><\/p>\n","protected":false},"author":8,"featured_media":0,"comment_status":"closed","ping_status":"closed","sticky":false,"template":"","format":"standard","meta":{"footnotes":""},"categories":[8],"tags":[],"class_list":["post-247635","post","type-post","status-publish","format-standard","hentry","category-automobile-propre"],"_links":{"self":[{"href":"https:\/\/www.evearly.news\/fr\/wp-json\/wp\/v2\/posts\/247635","targetHints":{"allow":["GET"]}}],"collection":[{"href":"https:\/\/www.evearly.news\/fr\/wp-json\/wp\/v2\/posts"}],"about":[{"href":"https:\/\/www.evearly.news\/fr\/wp-json\/wp\/v2\/types\/post"}],"author":[{"embeddable":true,"href":"https:\/\/www.evearly.news\/fr\/wp-json\/wp\/v2\/users\/8"}],"replies":[{"embeddable":true,"href":"https:\/\/www.evearly.news\/fr\/wp-json\/wp\/v2\/comments?post=247635"}],"version-history":[{"count":1,"href":"https:\/\/www.evearly.news\/fr\/wp-json\/wp\/v2\/posts\/247635\/revisions"}],"predecessor-version":[{"id":254619,"href":"https:\/\/www.evearly.news\/fr\/wp-json\/wp\/v2\/posts\/247635\/revisions\/254619"}],"wp:attachment":[{"href":"https:\/\/www.evearly.news\/fr\/wp-json\/wp\/v2\/media?parent=247635"}],"wp:term":[{"taxonomy":"category","embeddable":true,"href":"https:\/\/www.evearly.news\/fr\/wp-json\/wp\/v2\/categories?post=247635"},{"taxonomy":"post_tag","embeddable":true,"href":"https:\/\/www.evearly.news\/fr\/wp-json\/wp\/v2\/tags?post=247635"}],"curies":[{"name":"wp","href":"https:\/\/api.w.org\/{rel}","templated":true}]}}