{"id":247649,"date":"2023-07-17T10:02:16","date_gmt":"2023-07-17T10:02:16","guid":{"rendered":"https:\/\/news.evearly.com\/les-prochaines-audi-electriques-sur-une-plateforme-chinoise-par-saic\/"},"modified":"2023-08-28T11:51:41","modified_gmt":"2023-08-28T11:51:41","slug":"les-prochaines-audi-electriques-sur-une-plateforme-chinoise-par-saic","status":"publish","type":"post","link":"https:\/\/www.evearly.news\/fr\/les-prochaines-audi-electriques-sur-une-plateforme-chinoise-par-saic\/","title":{"rendered":"Les prochaines Audi \u00e9lectriques sur une plateforme chinoise par SAIC ?"},"content":{"rendered":"<p><img loading=\"lazy\" decoding=\"async\" width=\"500\" height=\"333\" src=\"https:\/\/news.evearly.com\/wp-content\/uploads\/2023\/07\/les-prochaines-audi-electriques-sur-une-plateforme-chinoise-par-saic.jpg\" class=\"attachment-1200x800 size-1200x800 wp-post-image\" alt=\"SAIC IM L7\" \/><br \/>\nEn d\u00e9but de semaine, des rumeurs \u00e9voquaient l&rsquo;utilisation par Audi d&rsquo;une plateforme d&rsquo;un constructeur chinois pour un futur mod\u00e8le \u00e9lectrique. SAIC se profile \u00e0 pr\u00e9sent comme le grand favori. <a href=\"https:\/\/www.automobile-propre.com\/les-prochaines-audi-electriques-sur-une-plateforme-chinoise-par-saic\/\" target='bwindow' rel=\"noopener\">Lire la suite&#8230;<\/a><\/p>\n","protected":false},"excerpt":{"rendered":"<p>En d\u00e9but de semaine, des rumeurs \u00e9voquaient l&rsquo;utilisation par Audi d&rsquo;une plateforme d&rsquo;un constructeur chinois pour un futur mod\u00e8le \u00e9lectrique. SAIC se profile \u00e0 pr\u00e9sent comme le grand favori.<\/p>\n<p> Lire la suite&#8230;&#8230; <a class=\"continue-reading-link\" href=\"https:\/\/www.evearly.news\/fr\/les-prochaines-audi-electriques-sur-une-plateforme-chinoise-par-saic\/\"><\/a><\/p>\n","protected":false},"author":8,"featured_media":0,"comment_status":"closed","ping_status":"closed","sticky":false,"template":"","format":"standard","meta":{"footnotes":""},"categories":[8],"tags":[],"class_list":["post-247649","post","type-post","status-publish","format-standard","hentry","category-automobile-propre"],"_links":{"self":[{"href":"https:\/\/www.evearly.news\/fr\/wp-json\/wp\/v2\/posts\/247649","targetHints":{"allow":["GET"]}}],"collection":[{"href":"https:\/\/www.evearly.news\/fr\/wp-json\/wp\/v2\/posts"}],"about":[{"href":"https:\/\/www.evearly.news\/fr\/wp-json\/wp\/v2\/types\/post"}],"author":[{"embeddable":true,"href":"https:\/\/www.evearly.news\/fr\/wp-json\/wp\/v2\/users\/8"}],"replies":[{"embeddable":true,"href":"https:\/\/www.evearly.news\/fr\/wp-json\/wp\/v2\/comments?post=247649"}],"version-history":[{"count":1,"href":"https:\/\/www.evearly.news\/fr\/wp-json\/wp\/v2\/posts\/247649\/revisions"}],"predecessor-version":[{"id":254618,"href":"https:\/\/www.evearly.news\/fr\/wp-json\/wp\/v2\/posts\/247649\/revisions\/254618"}],"wp:attachment":[{"href":"https:\/\/www.evearly.news\/fr\/wp-json\/wp\/v2\/media?parent=247649"}],"wp:term":[{"taxonomy":"category","embeddable":true,"href":"https:\/\/www.evearly.news\/fr\/wp-json\/wp\/v2\/categories?post=247649"},{"taxonomy":"post_tag","embeddable":true,"href":"https:\/\/www.evearly.news\/fr\/wp-json\/wp\/v2\/tags?post=247649"}],"curies":[{"name":"wp","href":"https:\/\/api.w.org\/{rel}","templated":true}]}}