{"id":247655,"date":"2023-07-17T10:28:34","date_gmt":"2023-07-17T08:28:34","guid":{"rendered":"https:\/\/news.evearly.com\/malgre-des-defis-de-conception-tesla-a-mis-en-production-son-cybertruck\/"},"modified":"2023-12-06T10:45:48","modified_gmt":"2023-12-06T09:45:48","slug":"malgre-des-defis-de-conception-tesla-a-mis-en-production-son-cybertruck","status":"publish","type":"post","link":"https:\/\/www.evearly.news\/fr\/malgre-des-defis-de-conception-tesla-a-mis-en-production-son-cybertruck\/","title":{"rendered":"Malgr\u00e9 des d\u00e9fis de conception, Tesla a mis en production son Cybertruck"},"content":{"rendered":"<p><img decoding=\"async\" width=\"1200\" height=\"674\" src=\"https:\/\/news.evearly.com\/wp-content\/uploads\/2023\/07\/malgre-des-defis-de-conception-tesla-a-mis-en-production-son-cybertruck.jpg\" class=\"attachment-large size-large wp-post-image\" alt=\"\" loading=\"lazy\" \/><br \/>D&rsquo;apr\u00e8s Tesla, la production du Cybertruck a d\u00e9sormais d\u00e9but\u00e9. Cependant, la r\u00e9alisation de ce pickup \u00e9lectrique singulier ne cesse de confronter Tesla \u00e0 des enjeux de conception complexes. <a href=\"https:\/\/www.frandroid.com\/survoltes\/voitures-electriques\/1746061_bien-que-confrontee-a-des-defis-de-conception-tesla-a-mis-en-production-son-cybertruck\" target=\"blank\" rel=\"noopener\">Lire la suite&#8230;<\/a><\/p>\n","protected":false},"excerpt":{"rendered":"<p><img decoding=\"async\" width=\"1200\" height=\"674\" src=\"https:\/\/news.evearly.com\/wp-content\/uploads\/2023\/07\/malgre-des-defis-de-conception-tesla-a-mis-en-production-son-cybertruck.jpg\" class=\"attachment-large size-large wp-post-image\" alt=\"\" loading=\"lazy\" \/><br \/>D&rsquo;apr\u00e8s Tesla, la production du Cybertruck a d\u00e9sormais d\u00e9but\u00e9. Cependant, la r\u00e9alisation de ce pickup \u00e9lectrique singulier ne cesse de confronter Tesla \u00e0 des enjeux de conception complexes.<\/p>\n<p> <a class=\"continue-reading-link\" href=\"https:\/\/www.evearly.news\/fr\/malgre-des-defis-de-conception-tesla-a-mis-en-production-son-cybertruck\/\"><\/a><\/p>\n","protected":false},"author":6,"featured_media":247656,"comment_status":"closed","ping_status":"closed","sticky":false,"template":"","format":"standard","meta":{"footnotes":""},"categories":[14],"tags":[],"class_list":["post-247655","post","type-post","status-publish","format-standard","has-post-thumbnail","hentry","category-frandroid"],"_links":{"self":[{"href":"https:\/\/www.evearly.news\/fr\/wp-json\/wp\/v2\/posts\/247655","targetHints":{"allow":["GET"]}}],"collection":[{"href":"https:\/\/www.evearly.news\/fr\/wp-json\/wp\/v2\/posts"}],"about":[{"href":"https:\/\/www.evearly.news\/fr\/wp-json\/wp\/v2\/types\/post"}],"author":[{"embeddable":true,"href":"https:\/\/www.evearly.news\/fr\/wp-json\/wp\/v2\/users\/6"}],"replies":[{"embeddable":true,"href":"https:\/\/www.evearly.news\/fr\/wp-json\/wp\/v2\/comments?post=247655"}],"version-history":[{"count":1,"href":"https:\/\/www.evearly.news\/fr\/wp-json\/wp\/v2\/posts\/247655\/revisions"}],"predecessor-version":[{"id":269343,"href":"https:\/\/www.evearly.news\/fr\/wp-json\/wp\/v2\/posts\/247655\/revisions\/269343"}],"wp:featuredmedia":[{"embeddable":true,"href":"https:\/\/www.evearly.news\/fr\/wp-json\/"}],"wp:attachment":[{"href":"https:\/\/www.evearly.news\/fr\/wp-json\/wp\/v2\/media?parent=247655"}],"wp:term":[{"taxonomy":"category","embeddable":true,"href":"https:\/\/www.evearly.news\/fr\/wp-json\/wp\/v2\/categories?post=247655"},{"taxonomy":"post_tag","embeddable":true,"href":"https:\/\/www.evearly.news\/fr\/wp-json\/wp\/v2\/tags?post=247655"}],"curies":[{"name":"wp","href":"https:\/\/api.w.org\/{rel}","templated":true}]}}