{"id":247683,"date":"2023-07-17T12:36:54","date_gmt":"2023-07-17T10:36:54","guid":{"rendered":"https:\/\/news.evearly.com\/pourquoi-une-voiture-electrique-legere-consomme-parfois-plus-quune-voiture-lourde\/"},"modified":"2023-12-06T10:45:46","modified_gmt":"2023-12-06T09:45:46","slug":"pourquoi-une-voiture-electrique-legere-consomme-parfois-plus-quune-voiture-lourde","status":"publish","type":"post","link":"https:\/\/www.evearly.news\/fr\/pourquoi-une-voiture-electrique-legere-consomme-parfois-plus-quune-voiture-lourde\/","title":{"rendered":"Pourquoi une voiture \u00e9lectrique l\u00e9g\u00e8re consomme parfois plus qu\u2019une voiture lourde"},"content":{"rendered":"<p><img decoding=\"async\" width=\"1200\" height=\"675\" src=\"https:\/\/news.evearly.com\/wp-content\/uploads\/2023\/07\/pourquoi-une-voiture-electrique-legere-consomme-parfois-plus-quune-voiture-lourde.jpg\" class=\"attachment-large size-large wp-post-image\" alt=\"\" loading=\"lazy\" \/><br \/>Pourquoi une voiture \u00e9lectrique, plus lourde, consommerait moins d&rsquo;\u00e9lectricit\u00e9 qu&rsquo;une voiture \u00e9lectrique plus l\u00e9g\u00e8re ? La r\u00e9ponse n&rsquo;est pas \u00e9vidente, mais un youtubeur a d\u00e9mont\u00e9 une Tesla Model S Plaid pour r\u00e9duire drastiquement son poids et augmenter ses performances. Mais tout ne s&rsquo;est pas pass\u00e9 comme pr\u00e9vu. <a href=\"https:\/\/www.frandroid.com\/survoltes\/voitures-electriques\/1746257_pourquoi-une-voiture-electrique-legere-consomme-parfois-plus-quune-voiture-lourde\" target=\"blank\" rel=\"noopener\">Lire la suite&#8230;<\/a><\/p>\n","protected":false},"excerpt":{"rendered":"<p><img decoding=\"async\" width=\"1200\" height=\"675\" src=\"https:\/\/news.evearly.com\/wp-content\/uploads\/2023\/07\/pourquoi-une-voiture-electrique-legere-consomme-parfois-plus-quune-voiture-lourde.jpg\" class=\"attachment-large size-large wp-post-image\" alt=\"\" loading=\"lazy\" \/><br \/>Pourquoi une voiture \u00e9lectrique, plus lourde, consommerait moins d&rsquo;\u00e9lectricit\u00e9 qu&rsquo;une voiture \u00e9lectrique plus l\u00e9g\u00e8re ? La r\u00e9ponse n&rsquo;est pas \u00e9vidente, mais un youtubeur a d\u00e9mont\u00e9 une Tesla Model S Plaid pour r\u00e9duire drastiquement son poids et augmenter ses performances. Mais tout ne s&rsquo;est pas pass\u00e9 comme pr\u00e9vu.<\/p>\n<p> <a class=\"continue-reading-link\" href=\"https:\/\/www.evearly.news\/fr\/pourquoi-une-voiture-electrique-legere-consomme-parfois-plus-quune-voiture-lourde\/\"><\/a><\/p>\n","protected":false},"author":6,"featured_media":247684,"comment_status":"closed","ping_status":"closed","sticky":false,"template":"","format":"standard","meta":{"footnotes":""},"categories":[14],"tags":[],"class_list":["post-247683","post","type-post","status-publish","format-standard","has-post-thumbnail","hentry","category-frandroid"],"_links":{"self":[{"href":"https:\/\/www.evearly.news\/fr\/wp-json\/wp\/v2\/posts\/247683","targetHints":{"allow":["GET"]}}],"collection":[{"href":"https:\/\/www.evearly.news\/fr\/wp-json\/wp\/v2\/posts"}],"about":[{"href":"https:\/\/www.evearly.news\/fr\/wp-json\/wp\/v2\/types\/post"}],"author":[{"embeddable":true,"href":"https:\/\/www.evearly.news\/fr\/wp-json\/wp\/v2\/users\/6"}],"replies":[{"embeddable":true,"href":"https:\/\/www.evearly.news\/fr\/wp-json\/wp\/v2\/comments?post=247683"}],"version-history":[{"count":1,"href":"https:\/\/www.evearly.news\/fr\/wp-json\/wp\/v2\/posts\/247683\/revisions"}],"predecessor-version":[{"id":269341,"href":"https:\/\/www.evearly.news\/fr\/wp-json\/wp\/v2\/posts\/247683\/revisions\/269341"}],"wp:featuredmedia":[{"embeddable":true,"href":"https:\/\/www.evearly.news\/fr\/wp-json\/"}],"wp:attachment":[{"href":"https:\/\/www.evearly.news\/fr\/wp-json\/wp\/v2\/media?parent=247683"}],"wp:term":[{"taxonomy":"category","embeddable":true,"href":"https:\/\/www.evearly.news\/fr\/wp-json\/wp\/v2\/categories?post=247683"},{"taxonomy":"post_tag","embeddable":true,"href":"https:\/\/www.evearly.news\/fr\/wp-json\/wp\/v2\/tags?post=247683"}],"curies":[{"name":"wp","href":"https:\/\/api.w.org\/{rel}","templated":true}]}}