{"id":247685,"date":"2023-07-17T12:14:50","date_gmt":"2023-07-17T10:14:50","guid":{"rendered":"https:\/\/news.evearly.com\/tribune-oui-le-transport-lourd-peut-connaitre-sa-revolution-electrique-mais-encore-faut-il-ly-aider\/"},"modified":"2026-03-20T00:22:38","modified_gmt":"2026-03-19T23:22:38","slug":"tribune-oui-le-transport-lourd-peut-connaitre-sa-revolution-electrique-mais-encore-faut-il-ly-aider","status":"publish","type":"post","link":"https:\/\/www.evearly.news\/fr\/tribune-oui-le-transport-lourd-peut-connaitre-sa-revolution-electrique-mais-encore-faut-il-ly-aider\/","title":{"rendered":"Oui, le transport lourd peut conna\u00eetre sa r\u00e9volution \u00e9lectrique\u2026 mais encore faut-il l\u2019y aider\u00a0!"},"content":{"rendered":"<p><img decoding=\"async\" src=\"https:\/\/www.avere-france.org\/wp-content\/uploads\/2023\/07\/route-camion-scaled.jpg\" \/><br \/>\nD\u00e9veloppement des bornes de recharge, aides \u00e0 l\u2019achat, r\u00e9industrialisation\u2026 Un collectif d\u2019associations et de constructeurs interpelle le gouvernement sur les nombreux d\u00e9fis que devront affronter les poids lourds, alors que la Commission europ\u00e9enne a annonc\u00e9 vouloir r\u00e9duire leurs \u00e9missions de 90 % d\u2019ici 2040. <a href=\"https:\/\/www.avere-france.org\/tribune-oui-le-transport-lourd-peut-connaitre-sa-revolution-electrique-mais-encore-faut-il-ly-aider\/\" target=\"bwindow\" rel=\"noopener\">Lire la suite&#8230;<\/a><\/p>\n","protected":false},"excerpt":{"rendered":"<p>&#8230; <a class=\"continue-reading-link\" href=\"https:\/\/www.evearly.news\/fr\/tribune-oui-le-transport-lourd-peut-connaitre-sa-revolution-electrique-mais-encore-faut-il-ly-aider\/\"><\/a><\/p>\n","protected":false},"author":10,"featured_media":0,"comment_status":"closed","ping_status":"closed","sticky":false,"template":"Default","format":"standard","meta":{"footnotes":""},"categories":[9],"tags":[],"class_list":["post-247685","post","type-post","status-publish","format-standard","hentry","category-avere-france"],"_links":{"self":[{"href":"https:\/\/www.evearly.news\/fr\/wp-json\/wp\/v2\/posts\/247685","targetHints":{"allow":["GET"]}}],"collection":[{"href":"https:\/\/www.evearly.news\/fr\/wp-json\/wp\/v2\/posts"}],"about":[{"href":"https:\/\/www.evearly.news\/fr\/wp-json\/wp\/v2\/types\/post"}],"author":[{"embeddable":true,"href":"https:\/\/www.evearly.news\/fr\/wp-json\/wp\/v2\/users\/10"}],"replies":[{"embeddable":true,"href":"https:\/\/www.evearly.news\/fr\/wp-json\/wp\/v2\/comments?post=247685"}],"version-history":[{"count":1,"href":"https:\/\/www.evearly.news\/fr\/wp-json\/wp\/v2\/posts\/247685\/revisions"}],"predecessor-version":[{"id":319286,"href":"https:\/\/www.evearly.news\/fr\/wp-json\/wp\/v2\/posts\/247685\/revisions\/319286"}],"wp:attachment":[{"href":"https:\/\/www.evearly.news\/fr\/wp-json\/wp\/v2\/media?parent=247685"}],"wp:term":[{"taxonomy":"category","embeddable":true,"href":"https:\/\/www.evearly.news\/fr\/wp-json\/wp\/v2\/categories?post=247685"},{"taxonomy":"post_tag","embeddable":true,"href":"https:\/\/www.evearly.news\/fr\/wp-json\/wp\/v2\/tags?post=247685"}],"curies":[{"name":"wp","href":"https:\/\/api.w.org\/{rel}","templated":true}]}}