{"id":247886,"date":"2023-07-18T16:38:06","date_gmt":"2023-07-18T14:38:06","guid":{"rendered":"https:\/\/news.evearly.com\/voici-ce-quil-peut-se-passer-si-vous-retirez-le-cable-dune-voiture-electrique-en-cours-de-charge\/"},"modified":"2023-12-06T10:45:35","modified_gmt":"2023-12-06T09:45:35","slug":"voici-ce-quil-peut-se-passer-si-vous-retirez-le-cable-dune-voiture-electrique-en-cours-de-charge","status":"publish","type":"post","link":"https:\/\/www.evearly.news\/fr\/voici-ce-quil-peut-se-passer-si-vous-retirez-le-cable-dune-voiture-electrique-en-cours-de-charge\/","title":{"rendered":"Voici ce qu\u2019il peut se passer si vous retirez le c\u00e2ble d\u2019une voiture \u00e9lectrique en cours de charge"},"content":{"rendered":"<p><img decoding=\"async\" width=\"1200\" height=\"799\" src=\"https:\/\/news.evearly.com\/wp-content\/uploads\/2023\/07\/voici-ce-quil-peut-se-passer-si-vous-retirez-le-cable-dune-voiture-electrique-en-cours-de-charge.jpg\" class=\"attachment-large size-large wp-post-image\" alt=\"\" loading=\"lazy\" \/><br \/>L&rsquo;organisme allemand ADAC, connue pour ses tests rigoureux de voitures \u00e9lectriques de vient de mettre au jour une faille sur la Ora Funky Cat. Lorsque l&rsquo;on retire le c\u00e2ble lors de la recharge, l&rsquo;alimentation ne se coupe pas, ce qui peut cr\u00e9er des \u00e9tincelles et donc un risque d&rsquo;incendie. De quoi nous rappeler qu&rsquo;il est dans tous les cas peu recommand\u00e9 de s&rsquo;adonner \u00e0 cette pratique. <a href=\"https:\/\/www.frandroid.com\/survoltes\/voitures-electriques\/1747413_voici-ce-quil-peut-se-passer-si-vous-retirez-le-cable-dune-voiture-electrique-en-cours-de-charge\" target=\"blank\" rel=\"noopener\">Lire la suite&#8230;<\/a><\/p>\n","protected":false},"excerpt":{"rendered":"<p><img decoding=\"async\" width=\"1200\" height=\"799\" src=\"https:\/\/news.evearly.com\/wp-content\/uploads\/2023\/07\/voici-ce-quil-peut-se-passer-si-vous-retirez-le-cable-dune-voiture-electrique-en-cours-de-charge.jpg\" class=\"attachment-large size-large wp-post-image\" alt=\"\" loading=\"lazy\" \/><br \/>L&rsquo;organisme allemand ADAC, connue pour ses tests rigoureux de voitures \u00e9lectriques de vient de mettre au jour une faille sur la Ora Funky Cat. Lorsque l&rsquo;on retire le c\u00e2ble lors de la recharge, l&rsquo;alimentation ne se coupe pas, ce qui peut cr\u00e9er des \u00e9tincelles et donc un risque d&rsquo;incendie. De quoi nous rappeler qu&rsquo;il est dans tous les cas peu recommand\u00e9 de s&rsquo;adonner \u00e0 cette pratique. <\/p>\n<p> <a class=\"continue-reading-link\" href=\"https:\/\/www.evearly.news\/fr\/voici-ce-quil-peut-se-passer-si-vous-retirez-le-cable-dune-voiture-electrique-en-cours-de-charge\/\"><\/a><\/p>\n","protected":false},"author":6,"featured_media":247887,"comment_status":"closed","ping_status":"closed","sticky":false,"template":"","format":"standard","meta":{"footnotes":""},"categories":[14],"tags":[],"class_list":["post-247886","post","type-post","status-publish","format-standard","has-post-thumbnail","hentry","category-frandroid"],"_links":{"self":[{"href":"https:\/\/www.evearly.news\/fr\/wp-json\/wp\/v2\/posts\/247886","targetHints":{"allow":["GET"]}}],"collection":[{"href":"https:\/\/www.evearly.news\/fr\/wp-json\/wp\/v2\/posts"}],"about":[{"href":"https:\/\/www.evearly.news\/fr\/wp-json\/wp\/v2\/types\/post"}],"author":[{"embeddable":true,"href":"https:\/\/www.evearly.news\/fr\/wp-json\/wp\/v2\/users\/6"}],"replies":[{"embeddable":true,"href":"https:\/\/www.evearly.news\/fr\/wp-json\/wp\/v2\/comments?post=247886"}],"version-history":[{"count":1,"href":"https:\/\/www.evearly.news\/fr\/wp-json\/wp\/v2\/posts\/247886\/revisions"}],"predecessor-version":[{"id":269332,"href":"https:\/\/www.evearly.news\/fr\/wp-json\/wp\/v2\/posts\/247886\/revisions\/269332"}],"wp:featuredmedia":[{"embeddable":true,"href":"https:\/\/www.evearly.news\/fr\/wp-json\/"}],"wp:attachment":[{"href":"https:\/\/www.evearly.news\/fr\/wp-json\/wp\/v2\/media?parent=247886"}],"wp:term":[{"taxonomy":"category","embeddable":true,"href":"https:\/\/www.evearly.news\/fr\/wp-json\/wp\/v2\/categories?post=247886"},{"taxonomy":"post_tag","embeddable":true,"href":"https:\/\/www.evearly.news\/fr\/wp-json\/wp\/v2\/tags?post=247886"}],"curies":[{"name":"wp","href":"https:\/\/api.w.org\/{rel}","templated":true}]}}