{"id":247902,"date":"2023-07-18T17:02:49","date_gmt":"2023-07-18T17:02:49","guid":{"rendered":"https:\/\/news.evearly.com\/nouveau-hyundai-santa-fe-un-look-original-pour-le-gros-suv-hybride\/"},"modified":"2023-08-19T04:54:43","modified_gmt":"2023-08-19T04:54:43","slug":"nouveau-hyundai-santa-fe-un-look-original-pour-le-gros-suv-hybride","status":"publish","type":"post","link":"https:\/\/www.evearly.news\/fr\/nouveau-hyundai-santa-fe-un-look-original-pour-le-gros-suv-hybride\/","title":{"rendered":"Nouveau Hyundai Santa Fe : un look original pour le gros SUV hybride"},"content":{"rendered":"<p><img decoding=\"async\" width=\"500\" height=\"333\" src=\"https:\/\/news.evearly.com\/wp-content\/uploads\/2023\/07\/nouveau-hyundai-santa-fe-un-look-original-pour-le-gros-suv-hybride.png\" class=\"attachment-1200x800 size-1200x800 wp-post-image\" alt=\"\" loading=\"lazy\" \/><br \/>\nPour sa cinqui\u00e8me g\u00e9n\u00e9ration, le Santa Fe tente un look cubique, qui n&rsquo;est pas sans rappeler le Range Rover. Le\u2026 <a href=\"https:\/\/www.automobile-propre.com\/nouveau-hyundai-santa-fe-un-look-original-pour-le-gros-suv-hybride\/\" target='bwindow' rel=\"noopener\">Lire la suite&#8230;<\/a><\/p>\n","protected":false},"excerpt":{"rendered":"<p>Pour sa cinqui\u00e8me g\u00e9n\u00e9ration, le Santa Fe tente un look cubique, qui n&rsquo;est pas sans rappeler le Range Rover. Le\u2026<\/p>\n<p> Lire la suite&#8230;&#8230; <a class=\"continue-reading-link\" href=\"https:\/\/www.evearly.news\/fr\/nouveau-hyundai-santa-fe-un-look-original-pour-le-gros-suv-hybride\/\"><\/a><\/p>\n","protected":false},"author":8,"featured_media":0,"comment_status":"closed","ping_status":"closed","sticky":false,"template":"","format":"standard","meta":{"footnotes":""},"categories":[8],"tags":[],"class_list":["post-247902","post","type-post","status-publish","format-standard","hentry","category-automobile-propre"],"_links":{"self":[{"href":"https:\/\/www.evearly.news\/fr\/wp-json\/wp\/v2\/posts\/247902","targetHints":{"allow":["GET"]}}],"collection":[{"href":"https:\/\/www.evearly.news\/fr\/wp-json\/wp\/v2\/posts"}],"about":[{"href":"https:\/\/www.evearly.news\/fr\/wp-json\/wp\/v2\/types\/post"}],"author":[{"embeddable":true,"href":"https:\/\/www.evearly.news\/fr\/wp-json\/wp\/v2\/users\/8"}],"replies":[{"embeddable":true,"href":"https:\/\/www.evearly.news\/fr\/wp-json\/wp\/v2\/comments?post=247902"}],"version-history":[{"count":1,"href":"https:\/\/www.evearly.news\/fr\/wp-json\/wp\/v2\/posts\/247902\/revisions"}],"predecessor-version":[{"id":254601,"href":"https:\/\/www.evearly.news\/fr\/wp-json\/wp\/v2\/posts\/247902\/revisions\/254601"}],"wp:attachment":[{"href":"https:\/\/www.evearly.news\/fr\/wp-json\/wp\/v2\/media?parent=247902"}],"wp:term":[{"taxonomy":"category","embeddable":true,"href":"https:\/\/www.evearly.news\/fr\/wp-json\/wp\/v2\/categories?post=247902"},{"taxonomy":"post_tag","embeddable":true,"href":"https:\/\/www.evearly.news\/fr\/wp-json\/wp\/v2\/tags?post=247902"}],"curies":[{"name":"wp","href":"https:\/\/api.w.org\/{rel}","templated":true}]}}