{"id":248066,"date":"2023-07-19T17:17:20","date_gmt":"2023-07-19T15:17:20","guid":{"rendered":"https:\/\/news.evearly.com\/les-voitures-electriques-surpassent-desormais-les-diesel-en-europe-avec-ce-nouveau-record\/"},"modified":"2023-12-06T10:45:26","modified_gmt":"2023-12-06T09:45:26","slug":"les-voitures-electriques-surpassent-desormais-les-diesel-en-europe-avec-ce-nouveau-record","status":"publish","type":"post","link":"https:\/\/www.evearly.news\/fr\/les-voitures-electriques-surpassent-desormais-les-diesel-en-europe-avec-ce-nouveau-record\/","title":{"rendered":"Les voitures \u00e9lectriques surpassent d\u00e9sormais les diesel en Europe avec ce nouveau record"},"content":{"rendered":"<p><img decoding=\"async\" width=\"1200\" height=\"801\" src=\"https:\/\/news.evearly.com\/wp-content\/uploads\/2023\/07\/les-voitures-electriques-surpassent-desormais-les-diesel-en-europe-avec-ce-nouveau-record.jpg\" class=\"attachment-large size-large wp-post-image\" alt=\"\" loading=\"lazy\" \/><br \/>Pour la toute premi\u00e8re fois, il s&rsquo;est vendu plus de voitures \u00e9lectriques que de diesel en Europe au mois de juin. La part de march\u00e9 des premi\u00e8res est pass\u00e9 de 10,7 \u00e0 15,1 % en seulement un an sur le Vieux Continent, tandis que Tesla \u00e9crase tout sur son passage. <a href=\"https:\/\/www.frandroid.com\/survoltes\/voitures-electriques\/1748395_les-voitures-electriques-surpassent-desormais-les-diesel-en-europe-avec-ce-nouveau-record\" target=\"blank\" rel=\"noopener\">Lire la suite&#8230;<\/a><\/p>\n","protected":false},"excerpt":{"rendered":"<p><img decoding=\"async\" width=\"1200\" height=\"801\" src=\"https:\/\/news.evearly.com\/wp-content\/uploads\/2023\/07\/les-voitures-electriques-surpassent-desormais-les-diesel-en-europe-avec-ce-nouveau-record.jpg\" class=\"attachment-large size-large wp-post-image\" alt=\"\" loading=\"lazy\" \/><br \/>Pour la toute premi\u00e8re fois, il s&rsquo;est vendu plus de voitures \u00e9lectriques que de diesel en Europe au mois de juin. La part de march\u00e9 des premi\u00e8res est pass\u00e9 de 10,7 \u00e0 15,1 % en seulement un an sur le Vieux Continent, tandis que Tesla \u00e9crase tout sur son passage.<\/p>\n<p> <a class=\"continue-reading-link\" href=\"https:\/\/www.evearly.news\/fr\/les-voitures-electriques-surpassent-desormais-les-diesel-en-europe-avec-ce-nouveau-record\/\"><\/a><\/p>\n","protected":false},"author":6,"featured_media":248067,"comment_status":"closed","ping_status":"closed","sticky":false,"template":"","format":"standard","meta":{"footnotes":""},"categories":[14],"tags":[],"class_list":["post-248066","post","type-post","status-publish","format-standard","has-post-thumbnail","hentry","category-frandroid"],"_links":{"self":[{"href":"https:\/\/www.evearly.news\/fr\/wp-json\/wp\/v2\/posts\/248066","targetHints":{"allow":["GET"]}}],"collection":[{"href":"https:\/\/www.evearly.news\/fr\/wp-json\/wp\/v2\/posts"}],"about":[{"href":"https:\/\/www.evearly.news\/fr\/wp-json\/wp\/v2\/types\/post"}],"author":[{"embeddable":true,"href":"https:\/\/www.evearly.news\/fr\/wp-json\/wp\/v2\/users\/6"}],"replies":[{"embeddable":true,"href":"https:\/\/www.evearly.news\/fr\/wp-json\/wp\/v2\/comments?post=248066"}],"version-history":[{"count":1,"href":"https:\/\/www.evearly.news\/fr\/wp-json\/wp\/v2\/posts\/248066\/revisions"}],"predecessor-version":[{"id":269325,"href":"https:\/\/www.evearly.news\/fr\/wp-json\/wp\/v2\/posts\/248066\/revisions\/269325"}],"wp:featuredmedia":[{"embeddable":true,"href":"https:\/\/www.evearly.news\/fr\/wp-json\/"}],"wp:attachment":[{"href":"https:\/\/www.evearly.news\/fr\/wp-json\/wp\/v2\/media?parent=248066"}],"wp:term":[{"taxonomy":"category","embeddable":true,"href":"https:\/\/www.evearly.news\/fr\/wp-json\/wp\/v2\/categories?post=248066"},{"taxonomy":"post_tag","embeddable":true,"href":"https:\/\/www.evearly.news\/fr\/wp-json\/wp\/v2\/tags?post=248066"}],"curies":[{"name":"wp","href":"https:\/\/api.w.org\/{rel}","templated":true}]}}