{"id":248074,"date":"2023-07-19T17:03:23","date_gmt":"2023-07-19T17:03:23","guid":{"rendered":"https:\/\/news.evearly.com\/ventes-de-voitures-lelectrique-depasse-le-diesel-en-europe\/"},"modified":"2023-08-18T14:27:08","modified_gmt":"2023-08-18T14:27:08","slug":"ventes-de-voitures-lelectrique-depasse-le-diesel-en-europe","status":"publish","type":"post","link":"https:\/\/www.evearly.news\/fr\/ventes-de-voitures-lelectrique-depasse-le-diesel-en-europe\/","title":{"rendered":"Ventes de voitures : l\u2019\u00e9lectrique d\u00e9passe le diesel en Europe"},"content":{"rendered":"<p><img decoding=\"async\" width=\"500\" height=\"333\" src=\"https:\/\/news.evearly.com\/wp-content\/uploads\/2023\/07\/ventes-de-voitures-lelectrique-depasse-le-diesel-en-europe.jpg\" class=\"attachment-1200x800 size-1200x800 wp-post-image\" alt=\"\" loading=\"lazy\" \/><br \/>\nEn juin, les ventes de voitures \u00e9lectriques se sont envol\u00e9es sur le march\u00e9 europ\u00e9en. Au point de largement d\u00e9passer celles\u2026 <a href=\"https:\/\/www.automobile-propre.com\/ventes-de-voitures-lelectrique-depasse-le-diesel-en-europe\/\" target='bwindow' rel=\"noopener\">Lire la suite&#8230;<\/a><\/p>\n","protected":false},"excerpt":{"rendered":"<p>En juin, les ventes de voitures \u00e9lectriques se sont envol\u00e9es sur le march\u00e9 europ\u00e9en. Au point de largement d\u00e9passer celles\u2026<\/p>\n<p> Lire la suite&#8230;&#8230; <a class=\"continue-reading-link\" href=\"https:\/\/www.evearly.news\/fr\/ventes-de-voitures-lelectrique-depasse-le-diesel-en-europe\/\"><\/a><\/p>\n","protected":false},"author":8,"featured_media":0,"comment_status":"closed","ping_status":"closed","sticky":false,"template":"","format":"standard","meta":{"footnotes":""},"categories":[8],"tags":[],"class_list":["post-248074","post","type-post","status-publish","format-standard","hentry","category-automobile-propre"],"_links":{"self":[{"href":"https:\/\/www.evearly.news\/fr\/wp-json\/wp\/v2\/posts\/248074","targetHints":{"allow":["GET"]}}],"collection":[{"href":"https:\/\/www.evearly.news\/fr\/wp-json\/wp\/v2\/posts"}],"about":[{"href":"https:\/\/www.evearly.news\/fr\/wp-json\/wp\/v2\/types\/post"}],"author":[{"embeddable":true,"href":"https:\/\/www.evearly.news\/fr\/wp-json\/wp\/v2\/users\/8"}],"replies":[{"embeddable":true,"href":"https:\/\/www.evearly.news\/fr\/wp-json\/wp\/v2\/comments?post=248074"}],"version-history":[{"count":1,"href":"https:\/\/www.evearly.news\/fr\/wp-json\/wp\/v2\/posts\/248074\/revisions"}],"predecessor-version":[{"id":254594,"href":"https:\/\/www.evearly.news\/fr\/wp-json\/wp\/v2\/posts\/248074\/revisions\/254594"}],"wp:attachment":[{"href":"https:\/\/www.evearly.news\/fr\/wp-json\/wp\/v2\/media?parent=248074"}],"wp:term":[{"taxonomy":"category","embeddable":true,"href":"https:\/\/www.evearly.news\/fr\/wp-json\/wp\/v2\/categories?post=248074"},{"taxonomy":"post_tag","embeddable":true,"href":"https:\/\/www.evearly.news\/fr\/wp-json\/wp\/v2\/tags?post=248074"}],"curies":[{"name":"wp","href":"https:\/\/api.w.org\/{rel}","templated":true}]}}