{"id":248083,"date":"2023-07-19T18:05:00","date_gmt":"2023-07-19T16:05:00","guid":{"rendered":"https:\/\/news.evearly.com\/ora-cat-lelectrique-chinoise-epinglee-en-allemagne-pour-danger-lors-de-la-recharge\/"},"modified":"2023-08-17T04:31:36","modified_gmt":"2023-08-17T04:31:36","slug":"ora-cat-lelectrique-chinoise-epinglee-en-allemagne-pour-danger-lors-de-la-recharge","status":"publish","type":"post","link":"https:\/\/www.evearly.news\/fr\/ora-cat-lelectrique-chinoise-epinglee-en-allemagne-pour-danger-lors-de-la-recharge\/","title":{"rendered":"Ora Cat : l&rsquo;\u00e9lectrique chinoise \u00e9pingl\u00e9e en Allemagne pour danger lors de la recharge"},"content":{"rendered":"<div class=\"media_block\"><img decoding=\"async\" src=\"https:\/\/news.evearly.com\/wp-content\/uploads\/2023\/07\/ora-cat-lelectrique-chinoise-epinglee-en-allemagne-pour-danger-lors-de-la-recharge.jpg\"><\/div>\n<p>Le constructeur chinois Great Wall Motors a lanc\u00e9 un label premium Ora avec lequel il compte s\u2019attaquer au march\u00e9 europ\u00e9en. Si la craquante Ora Cat a acquis ses cinq \u00e9toiles \u00e0 l\u2019EuroNcap, sa recharge r\u00e9serve d\u00e9j\u00e0 de mauvaises surprises. <a href=\"https:\/\/www.automobile-magazine.fr\/toute-l-actualite\/article\/39472-ora-cat-lelectrique-chinoise-epinglee-en-allemagne-pour-danger-lors-de-la-recharge\" target='bwindow' rel=\"noopener\">Lire la suite&#8230;<\/a><\/p>\n","protected":false},"excerpt":{"rendered":"<div class=\"media_block\"><img decoding=\"async\" src=\"https:\/\/news.evearly.com\/wp-content\/uploads\/2023\/07\/ora-cat-lelectrique-chinoise-epinglee-en-allemagne-pour-danger-lors-de-la-recharge.jpg\"><\/div>\n<p> <a class=\"continue-reading-link\" href=\"https:\/\/www.evearly.news\/fr\/ora-cat-lelectrique-chinoise-epinglee-en-allemagne-pour-danger-lors-de-la-recharge\/\"><\/a><\/p>\n","protected":false},"author":7,"featured_media":0,"comment_status":"closed","ping_status":"closed","sticky":false,"template":"","format":"standard","meta":{"footnotes":""},"categories":[7],"tags":[],"class_list":["post-248083","post","type-post","status-publish","format-standard","hentry","category-automobile-magazine"],"_links":{"self":[{"href":"https:\/\/www.evearly.news\/fr\/wp-json\/wp\/v2\/posts\/248083","targetHints":{"allow":["GET"]}}],"collection":[{"href":"https:\/\/www.evearly.news\/fr\/wp-json\/wp\/v2\/posts"}],"about":[{"href":"https:\/\/www.evearly.news\/fr\/wp-json\/wp\/v2\/types\/post"}],"author":[{"embeddable":true,"href":"https:\/\/www.evearly.news\/fr\/wp-json\/wp\/v2\/users\/7"}],"replies":[{"embeddable":true,"href":"https:\/\/www.evearly.news\/fr\/wp-json\/wp\/v2\/comments?post=248083"}],"version-history":[{"count":1,"href":"https:\/\/www.evearly.news\/fr\/wp-json\/wp\/v2\/posts\/248083\/revisions"}],"predecessor-version":[{"id":252847,"href":"https:\/\/www.evearly.news\/fr\/wp-json\/wp\/v2\/posts\/248083\/revisions\/252847"}],"wp:attachment":[{"href":"https:\/\/www.evearly.news\/fr\/wp-json\/wp\/v2\/media?parent=248083"}],"wp:term":[{"taxonomy":"category","embeddable":true,"href":"https:\/\/www.evearly.news\/fr\/wp-json\/wp\/v2\/categories?post=248083"},{"taxonomy":"post_tag","embeddable":true,"href":"https:\/\/www.evearly.news\/fr\/wp-json\/wp\/v2\/tags?post=248083"}],"curies":[{"name":"wp","href":"https:\/\/api.w.org\/{rel}","templated":true}]}}