{"id":248135,"date":"2023-07-20T09:20:11","date_gmt":"2023-07-20T07:20:11","guid":{"rendered":"https:\/\/news.evearly.com\/la-renault-software-factory-au-coeur-de-la-renaulution\/"},"modified":"2023-08-17T18:32:14","modified_gmt":"2023-08-17T18:32:14","slug":"la-renault-software-factory-au-coeur-de-la-renaulution","status":"publish","type":"post","link":"https:\/\/www.evearly.news\/fr\/la-renault-software-factory-au-coeur-de-la-renaulution\/","title":{"rendered":"La Renault Software Factory au c\u0153ur de la Renaulution"},"content":{"rendered":"<p><img decoding=\"async\" width=\"1000\" height=\"563\" src=\"https:\/\/news.evearly.com\/wp-content\/uploads\/2023\/07\/la-renault-software-factory-au-coeur-de-la-renaulution.jpg\" class=\"attachment-post-thumbnail size-post-thumbnail wp-post-image\" alt=\"Renault Software Factory Renaulution\" loading=\"lazy\" \/>Depuis 2017, avec le rachat des centres de R&amp;D d\u2019Intel, Renault Group dispose de comp\u00e9tences internes en mati\u00e8re de logiciel. A Toulouse et Sophia Antipolis, la Renault Software Factory se concentre sur le d\u00e9veloppement logiciel pour l\u2019ensemble de ses marques. Aujourd\u2019hui, cette structure se trouve au centre de la transformation [\u2026] <a href=\"https:\/\/www.avem.fr\/2023\/07\/20\/la-renault-software-factory-au-coeur-de-la-renaulution\/\" target=\"blank\" rel=\"noopener\">Lire la suite&#8230;<\/a><\/p>\n","protected":false},"excerpt":{"rendered":"<p><img decoding=\"async\" width=\"1000\" height=\"563\" src=\"https:\/\/news.evearly.com\/wp-content\/uploads\/2023\/07\/la-renault-software-factory-au-coeur-de-la-renaulution.jpg\" class=\"attachment-post-thumbnail size-post-thumbnail wp-post-image\" alt=\"Renault Software Factory Renaulution\" loading=\"lazy\" \/>Depuis 2017, avec le rachat des centres de R&amp;D d\u2019Intel, Renault Group dispose de comp\u00e9tences internes en mati\u00e8re de logiciel. A Toulouse et Sophia Antipolis, la Renault Software Factory se concentre sur le d\u00e9veloppement logiciel pour l\u2019ensemble de ses marques. Aujourd\u2019hui, cette structure se trouve au centre de la transformation [\u2026] <a class=\"continue-reading-link\" href=\"https:\/\/www.evearly.news\/fr\/la-renault-software-factory-au-coeur-de-la-renaulution\/\"><\/a><\/p>\n","protected":false},"author":3,"featured_media":0,"comment_status":"closed","ping_status":"closed","sticky":false,"template":"","format":"standard","meta":{"footnotes":""},"categories":[3],"tags":[],"class_list":["post-248135","post","type-post","status-publish","format-standard","hentry","category-avem"],"_links":{"self":[{"href":"https:\/\/www.evearly.news\/fr\/wp-json\/wp\/v2\/posts\/248135","targetHints":{"allow":["GET"]}}],"collection":[{"href":"https:\/\/www.evearly.news\/fr\/wp-json\/wp\/v2\/posts"}],"about":[{"href":"https:\/\/www.evearly.news\/fr\/wp-json\/wp\/v2\/types\/post"}],"author":[{"embeddable":true,"href":"https:\/\/www.evearly.news\/fr\/wp-json\/wp\/v2\/users\/3"}],"replies":[{"embeddable":true,"href":"https:\/\/www.evearly.news\/fr\/wp-json\/wp\/v2\/comments?post=248135"}],"version-history":[{"count":1,"href":"https:\/\/www.evearly.news\/fr\/wp-json\/wp\/v2\/posts\/248135\/revisions"}],"predecessor-version":[{"id":256211,"href":"https:\/\/www.evearly.news\/fr\/wp-json\/wp\/v2\/posts\/248135\/revisions\/256211"}],"wp:attachment":[{"href":"https:\/\/www.evearly.news\/fr\/wp-json\/wp\/v2\/media?parent=248135"}],"wp:term":[{"taxonomy":"category","embeddable":true,"href":"https:\/\/www.evearly.news\/fr\/wp-json\/wp\/v2\/categories?post=248135"},{"taxonomy":"post_tag","embeddable":true,"href":"https:\/\/www.evearly.news\/fr\/wp-json\/wp\/v2\/tags?post=248135"}],"curies":[{"name":"wp","href":"https:\/\/api.w.org\/{rel}","templated":true}]}}