{"id":248171,"date":"2023-07-20T11:22:24","date_gmt":"2023-07-20T09:22:24","guid":{"rendered":"https:\/\/news.evearly.com\/la-nouvelle-mini-devoile-sa-planche-de-bord-avec-un-ecran-aussi-grand-que-le-volant\/"},"modified":"2023-08-17T04:31:33","modified_gmt":"2023-08-17T04:31:33","slug":"la-nouvelle-mini-devoile-sa-planche-de-bord-avec-un-ecran-aussi-grand-que-le-volant","status":"publish","type":"post","link":"https:\/\/www.evearly.news\/fr\/la-nouvelle-mini-devoile-sa-planche-de-bord-avec-un-ecran-aussi-grand-que-le-volant\/","title":{"rendered":"La nouvelle Mini d\u00e9voile sa planche de bord avec un \u00e9cran aussi grand que le volant"},"content":{"rendered":"<div class=\"media_block\"><img decoding=\"async\" src=\"https:\/\/news.evearly.com\/wp-content\/uploads\/2023\/07\/la-nouvelle-mini-devoile-sa-planche-de-bord-avec-un-ecran-aussi-grand-que-le-volant.jpg\"><\/div>\n<p>Entre tradition et modernit\u00e9, la nouvelle Mini revisite son habitacle. Son \u00e9cran central circulaire se fait presque aussi gros que le volant tandis que les mat\u00e9riaux sont dans l\u2019air du temps. D\u00e9couverte. <a href=\"https:\/\/www.automobile-magazine.fr\/toute-l-actualite\/article\/39479-la-nouvelle-mini-devoile-sa-planche-de-bord-avec-un-ecran-aussi-grand-que-le-volant\" target='bwindow' rel=\"noopener\">Lire la suite&#8230;<\/a><\/p>\n","protected":false},"excerpt":{"rendered":"<div class=\"media_block\"><img decoding=\"async\" src=\"https:\/\/news.evearly.com\/wp-content\/uploads\/2023\/07\/la-nouvelle-mini-devoile-sa-planche-de-bord-avec-un-ecran-aussi-grand-que-le-volant.jpg\"><\/div>\n<p> <a class=\"continue-reading-link\" href=\"https:\/\/www.evearly.news\/fr\/la-nouvelle-mini-devoile-sa-planche-de-bord-avec-un-ecran-aussi-grand-que-le-volant\/\"><\/a><\/p>\n","protected":false},"author":7,"featured_media":0,"comment_status":"closed","ping_status":"closed","sticky":false,"template":"","format":"standard","meta":{"footnotes":""},"categories":[7],"tags":[],"class_list":["post-248171","post","type-post","status-publish","format-standard","hentry","category-automobile-magazine"],"_links":{"self":[{"href":"https:\/\/www.evearly.news\/fr\/wp-json\/wp\/v2\/posts\/248171","targetHints":{"allow":["GET"]}}],"collection":[{"href":"https:\/\/www.evearly.news\/fr\/wp-json\/wp\/v2\/posts"}],"about":[{"href":"https:\/\/www.evearly.news\/fr\/wp-json\/wp\/v2\/types\/post"}],"author":[{"embeddable":true,"href":"https:\/\/www.evearly.news\/fr\/wp-json\/wp\/v2\/users\/7"}],"replies":[{"embeddable":true,"href":"https:\/\/www.evearly.news\/fr\/wp-json\/wp\/v2\/comments?post=248171"}],"version-history":[{"count":1,"href":"https:\/\/www.evearly.news\/fr\/wp-json\/wp\/v2\/posts\/248171\/revisions"}],"predecessor-version":[{"id":252843,"href":"https:\/\/www.evearly.news\/fr\/wp-json\/wp\/v2\/posts\/248171\/revisions\/252843"}],"wp:attachment":[{"href":"https:\/\/www.evearly.news\/fr\/wp-json\/wp\/v2\/media?parent=248171"}],"wp:term":[{"taxonomy":"category","embeddable":true,"href":"https:\/\/www.evearly.news\/fr\/wp-json\/wp\/v2\/categories?post=248171"},{"taxonomy":"post_tag","embeddable":true,"href":"https:\/\/www.evearly.news\/fr\/wp-json\/wp\/v2\/tags?post=248171"}],"curies":[{"name":"wp","href":"https:\/\/api.w.org\/{rel}","templated":true}]}}