{"id":248289,"date":"2023-07-21T09:56:56","date_gmt":"2023-07-21T07:56:56","guid":{"rendered":"https:\/\/news.evearly.com\/pourquoi-audi-fait-appel-a-une-marque-chinoise-pour-concevoir-des-voitures-electriques\/"},"modified":"2023-12-06T10:45:14","modified_gmt":"2023-12-06T09:45:14","slug":"pourquoi-audi-fait-appel-a-une-marque-chinoise-pour-concevoir-des-voitures-electriques","status":"publish","type":"post","link":"https:\/\/www.evearly.news\/fr\/pourquoi-audi-fait-appel-a-une-marque-chinoise-pour-concevoir-des-voitures-electriques\/","title":{"rendered":"Pourquoi Audi fait appel \u00e0 une marque chinoise pour concevoir des voitures \u00e9lectriques"},"content":{"rendered":"<p><img decoding=\"async\" width=\"1200\" height=\"800\" src=\"https:\/\/news.evearly.com\/wp-content\/uploads\/2023\/07\/pourquoi-audi-fait-appel-a-une-marque-chinoise-pour-concevoir-des-voitures-electriques.jpg\" class=\"attachment-large size-large wp-post-image\" alt=\"\" loading=\"lazy\" \/><br \/>Audi a pris la d\u00e9cision de s&rsquo;associer avec le groupe chinois SAIC Motor afin de concevoir ses prochaines voitures \u00e9lectriques. Ces derni\u00e8res reposeront sur une nouvelle plateforme commune, mais on ne sait pas si celles-ci seront aussi destin\u00e9es \u00e0 l&rsquo;Europe ou seulement \u00e0 la Chine. <a href=\"https:\/\/www.frandroid.com\/marques\/audi\/1750349_pourquoi-audi-fait-appel-a-une-marque-chinoise-pour-concevoir-des-voitures-electriques\" target=\"blank\" rel=\"noopener\">Lire la suite&#8230;<\/a><\/p>\n","protected":false},"excerpt":{"rendered":"<p><img decoding=\"async\" width=\"1200\" height=\"800\" src=\"https:\/\/news.evearly.com\/wp-content\/uploads\/2023\/07\/pourquoi-audi-fait-appel-a-une-marque-chinoise-pour-concevoir-des-voitures-electriques.jpg\" class=\"attachment-large size-large wp-post-image\" alt=\"\" loading=\"lazy\" \/><br \/>Audi a pris la d\u00e9cision de s&rsquo;associer avec le groupe chinois SAIC Motor afin de concevoir ses prochaines voitures \u00e9lectriques. Ces derni\u00e8res reposeront sur une nouvelle plateforme commune, mais on ne sait pas si celles-ci seront aussi destin\u00e9es \u00e0 l&rsquo;Europe ou seulement \u00e0 la Chine. <\/p>\n<p> <a class=\"continue-reading-link\" href=\"https:\/\/www.evearly.news\/fr\/pourquoi-audi-fait-appel-a-une-marque-chinoise-pour-concevoir-des-voitures-electriques\/\"><\/a><\/p>\n","protected":false},"author":6,"featured_media":0,"comment_status":"closed","ping_status":"closed","sticky":false,"template":"","format":"standard","meta":{"footnotes":""},"categories":[14],"tags":[],"class_list":["post-248289","post","type-post","status-publish","format-standard","hentry","category-frandroid"],"_links":{"self":[{"href":"https:\/\/www.evearly.news\/fr\/wp-json\/wp\/v2\/posts\/248289","targetHints":{"allow":["GET"]}}],"collection":[{"href":"https:\/\/www.evearly.news\/fr\/wp-json\/wp\/v2\/posts"}],"about":[{"href":"https:\/\/www.evearly.news\/fr\/wp-json\/wp\/v2\/types\/post"}],"author":[{"embeddable":true,"href":"https:\/\/www.evearly.news\/fr\/wp-json\/wp\/v2\/users\/6"}],"replies":[{"embeddable":true,"href":"https:\/\/www.evearly.news\/fr\/wp-json\/wp\/v2\/comments?post=248289"}],"version-history":[{"count":1,"href":"https:\/\/www.evearly.news\/fr\/wp-json\/wp\/v2\/posts\/248289\/revisions"}],"predecessor-version":[{"id":269317,"href":"https:\/\/www.evearly.news\/fr\/wp-json\/wp\/v2\/posts\/248289\/revisions\/269317"}],"wp:attachment":[{"href":"https:\/\/www.evearly.news\/fr\/wp-json\/wp\/v2\/media?parent=248289"}],"wp:term":[{"taxonomy":"category","embeddable":true,"href":"https:\/\/www.evearly.news\/fr\/wp-json\/wp\/v2\/categories?post=248289"},{"taxonomy":"post_tag","embeddable":true,"href":"https:\/\/www.evearly.news\/fr\/wp-json\/wp\/v2\/tags?post=248289"}],"curies":[{"name":"wp","href":"https:\/\/api.w.org\/{rel}","templated":true}]}}