{"id":248575,"date":"2023-07-24T15:50:37","date_gmt":"2023-07-24T13:50:37","guid":{"rendered":"https:\/\/news.evearly.com\/mercedes-donnera-un-apercu-de-son-anti-tesla-model-3-au-salon-de-munich-2023\/"},"modified":"2023-08-17T04:20:16","modified_gmt":"2023-08-17T04:20:16","slug":"mercedes-donnera-un-apercu-de-son-anti-tesla-model-3-au-salon-de-munich-2023","status":"publish","type":"post","link":"https:\/\/www.evearly.news\/fr\/mercedes-donnera-un-apercu-de-son-anti-tesla-model-3-au-salon-de-munich-2023\/","title":{"rendered":"Mercedes donnera un aper\u00e7u de son anti Tesla Model 3 au Salon de Munich 2023"},"content":{"rendered":"<p><img decoding=\"async\" width=\"500\" height=\"333\" src=\"https:\/\/news.evearly.com\/wp-content\/uploads\/2023\/07\/mercedes-donnera-un-apercu-de-son-anti-tesla-model-3-au-salon-de-munich-2023.jpg\" class=\"attachment-1200x800 size-1200x800 wp-post-image\" alt=\"\" loading=\"lazy\" \/><br \/>\nMercedes d\u00e9voilera \u00e0 la rentr\u00e9e un concept-car pr\u00e9figurant sa nouvelle petite berline \u00e9lectrique. Le Salon de Munich (qui a remplac\u00e9\u2026 <a href=\"https:\/\/www.automobile-propre.com\/mercedes-donnera-un-apercu-de-son-anti-tesla-model-3-au-salon-de-munich-2023\/\" target='bwindow' rel=\"noopener\">Lire la suite&#8230;<\/a><\/p>\n","protected":false},"excerpt":{"rendered":"<p>Mercedes d\u00e9voilera \u00e0 la rentr\u00e9e un concept-car pr\u00e9figurant sa nouvelle petite berline \u00e9lectrique. Le Salon de Munich (qui a remplac\u00e9\u2026<\/p>\n<p> Lire la suite&#8230;&#8230; <a class=\"continue-reading-link\" href=\"https:\/\/www.evearly.news\/fr\/mercedes-donnera-un-apercu-de-son-anti-tesla-model-3-au-salon-de-munich-2023\/\"><\/a><\/p>\n","protected":false},"author":8,"featured_media":0,"comment_status":"closed","ping_status":"closed","sticky":false,"template":"","format":"standard","meta":{"footnotes":""},"categories":[8],"tags":[],"class_list":["post-248575","post","type-post","status-publish","format-standard","hentry","category-automobile-propre"],"_links":{"self":[{"href":"https:\/\/www.evearly.news\/fr\/wp-json\/wp\/v2\/posts\/248575","targetHints":{"allow":["GET"]}}],"collection":[{"href":"https:\/\/www.evearly.news\/fr\/wp-json\/wp\/v2\/posts"}],"about":[{"href":"https:\/\/www.evearly.news\/fr\/wp-json\/wp\/v2\/types\/post"}],"author":[{"embeddable":true,"href":"https:\/\/www.evearly.news\/fr\/wp-json\/wp\/v2\/users\/8"}],"replies":[{"embeddable":true,"href":"https:\/\/www.evearly.news\/fr\/wp-json\/wp\/v2\/comments?post=248575"}],"version-history":[{"count":1,"href":"https:\/\/www.evearly.news\/fr\/wp-json\/wp\/v2\/posts\/248575\/revisions"}],"predecessor-version":[{"id":252496,"href":"https:\/\/www.evearly.news\/fr\/wp-json\/wp\/v2\/posts\/248575\/revisions\/252496"}],"wp:attachment":[{"href":"https:\/\/www.evearly.news\/fr\/wp-json\/wp\/v2\/media?parent=248575"}],"wp:term":[{"taxonomy":"category","embeddable":true,"href":"https:\/\/www.evearly.news\/fr\/wp-json\/wp\/v2\/categories?post=248575"},{"taxonomy":"post_tag","embeddable":true,"href":"https:\/\/www.evearly.news\/fr\/wp-json\/wp\/v2\/tags?post=248575"}],"curies":[{"name":"wp","href":"https:\/\/api.w.org\/{rel}","templated":true}]}}