{"id":248587,"date":"2023-07-24T16:10:37","date_gmt":"2023-07-24T14:10:37","guid":{"rendered":"https:\/\/news.evearly.com\/stellantis-et-samsung-veulent-ouvrir-une-deuxieme-usine-de-batterie-aux-etats-unis\/"},"modified":"2023-08-17T04:31:22","modified_gmt":"2023-08-17T04:31:22","slug":"stellantis-et-samsung-veulent-ouvrir-une-deuxieme-usine-de-batterie-aux-etats-unis","status":"publish","type":"post","link":"https:\/\/www.evearly.news\/fr\/stellantis-et-samsung-veulent-ouvrir-une-deuxieme-usine-de-batterie-aux-etats-unis\/","title":{"rendered":"Stellantis et Samsung veulent ouvrir une deuxi\u00e8me usine de batterie aux Etats-Unis"},"content":{"rendered":"<div class=\"media_block\"><img decoding=\"async\" src=\"https:\/\/news.evearly.com\/wp-content\/uploads\/2023\/07\/stellantis-et-samsung-veulent-ouvrir-une-deuxieme-usine-de-batterie-aux-etats-unis.jpg\"><\/div>\n<p>Le plan d\u2019\u00e9lectrification du groupe Stellantis prend encore plus d\u2019ampleur que pr\u00e9vu avec une deuxi\u00e8me Gigafactory d\u00e9j\u00e0 en pr\u00e9paration, alors m\u00eame que la premi\u00e8re n\u2019est pas encore sortie de terre. <a href=\"https:\/\/www.automobile-magazine.fr\/voitures-electriques\/article\/39509-stellantis-et-samsung-veulent-ouvrir-une-deuxieme-usine-de-batterie-aux-etats-unis\" target='bwindow' rel=\"noopener\">Lire la suite&#8230;<\/a><\/p>\n","protected":false},"excerpt":{"rendered":"<div class=\"media_block\"><img decoding=\"async\" src=\"https:\/\/news.evearly.com\/wp-content\/uploads\/2023\/07\/stellantis-et-samsung-veulent-ouvrir-une-deuxieme-usine-de-batterie-aux-etats-unis.jpg\"><\/div>\n<p> <a class=\"continue-reading-link\" href=\"https:\/\/www.evearly.news\/fr\/stellantis-et-samsung-veulent-ouvrir-une-deuxieme-usine-de-batterie-aux-etats-unis\/\"><\/a><\/p>\n","protected":false},"author":7,"featured_media":0,"comment_status":"closed","ping_status":"closed","sticky":false,"template":"","format":"standard","meta":{"footnotes":""},"categories":[7],"tags":[],"class_list":["post-248587","post","type-post","status-publish","format-standard","hentry","category-automobile-magazine"],"_links":{"self":[{"href":"https:\/\/www.evearly.news\/fr\/wp-json\/wp\/v2\/posts\/248587","targetHints":{"allow":["GET"]}}],"collection":[{"href":"https:\/\/www.evearly.news\/fr\/wp-json\/wp\/v2\/posts"}],"about":[{"href":"https:\/\/www.evearly.news\/fr\/wp-json\/wp\/v2\/types\/post"}],"author":[{"embeddable":true,"href":"https:\/\/www.evearly.news\/fr\/wp-json\/wp\/v2\/users\/7"}],"replies":[{"embeddable":true,"href":"https:\/\/www.evearly.news\/fr\/wp-json\/wp\/v2\/comments?post=248587"}],"version-history":[{"count":1,"href":"https:\/\/www.evearly.news\/fr\/wp-json\/wp\/v2\/posts\/248587\/revisions"}],"predecessor-version":[{"id":252832,"href":"https:\/\/www.evearly.news\/fr\/wp-json\/wp\/v2\/posts\/248587\/revisions\/252832"}],"wp:attachment":[{"href":"https:\/\/www.evearly.news\/fr\/wp-json\/wp\/v2\/media?parent=248587"}],"wp:term":[{"taxonomy":"category","embeddable":true,"href":"https:\/\/www.evearly.news\/fr\/wp-json\/wp\/v2\/categories?post=248587"},{"taxonomy":"post_tag","embeddable":true,"href":"https:\/\/www.evearly.news\/fr\/wp-json\/wp\/v2\/tags?post=248587"}],"curies":[{"name":"wp","href":"https:\/\/api.w.org\/{rel}","templated":true}]}}