{"id":248603,"date":"2023-07-24T17:58:26","date_gmt":"2023-07-24T15:58:26","guid":{"rendered":"https:\/\/news.evearly.com\/la-production-de-la-nouvelle-tesla-model-3-est-elle-sur-le-point-de-demarrer\/"},"modified":"2023-07-24T17:58:26","modified_gmt":"2023-07-24T15:58:26","slug":"la-production-de-la-nouvelle-tesla-model-3-est-elle-sur-le-point-de-demarrer","status":"publish","type":"post","link":"https:\/\/www.evearly.news\/fr\/la-production-de-la-nouvelle-tesla-model-3-est-elle-sur-le-point-de-demarrer\/","title":{"rendered":"La production de la \u00ab nouvelle \u00bb Tesla Model 3 est-elle sur le point de d\u00e9marrer ?"},"content":{"rendered":"<p><img decoding=\"async\" width=\"1200\" height=\"800\" src=\"https:\/\/news.evearly.com\/wp-content\/uploads\/2023\/07\/la-production-de-la-nouvelle-tesla-model-3-est-elle-sur-le-point-de-demarrer.jpg\" class=\"attachment-large size-large wp-post-image\" alt=\"\" loading=\"lazy\" \/><br \/>Les usines de Tesla produiront moins de voitures cet \u00e9t\u00e9, et cela a peut-\u00eatre un lieu avec la Model 3 restyl\u00e9e. <a href=\"https:\/\/www.frandroid.com\/marques\/tesla\/1751781_la-production-de-la-nouvelle-tesla-model-3-est-elle-sur-le-point-de-demarrer\" target=\"blank\" rel=\"noopener\">Lire la suite&#8230;<\/a><\/p>\n","protected":false},"excerpt":{"rendered":"<p><img decoding=\"async\" width=\"1200\" height=\"800\" src=\"https:\/\/news.evearly.com\/wp-content\/uploads\/2023\/07\/la-production-de-la-nouvelle-tesla-model-3-est-elle-sur-le-point-de-demarrer.jpg\" class=\"attachment-large size-large wp-post-image\" alt=\"\" loading=\"lazy\" \/><br \/>Les usines de Tesla produiront moins de voitures cet \u00e9t\u00e9, et cela a peut-\u00eatre un lieu avec la Model 3 restyl\u00e9e. <\/p>\n<p> <a class=\"continue-reading-link\" href=\"https:\/\/www.evearly.news\/fr\/la-production-de-la-nouvelle-tesla-model-3-est-elle-sur-le-point-de-demarrer\/\"><\/a><\/p>\n","protected":false},"author":6,"featured_media":0,"comment_status":"closed","ping_status":"closed","sticky":false,"template":"","format":"standard","meta":{"footnotes":""},"categories":[14],"tags":[],"class_list":["post-248603","post","type-post","status-publish","format-standard","hentry","category-frandroid"],"_links":{"self":[{"href":"https:\/\/www.evearly.news\/fr\/wp-json\/wp\/v2\/posts\/248603","targetHints":{"allow":["GET"]}}],"collection":[{"href":"https:\/\/www.evearly.news\/fr\/wp-json\/wp\/v2\/posts"}],"about":[{"href":"https:\/\/www.evearly.news\/fr\/wp-json\/wp\/v2\/types\/post"}],"author":[{"embeddable":true,"href":"https:\/\/www.evearly.news\/fr\/wp-json\/wp\/v2\/users\/6"}],"replies":[{"embeddable":true,"href":"https:\/\/www.evearly.news\/fr\/wp-json\/wp\/v2\/comments?post=248603"}],"version-history":[{"count":0,"href":"https:\/\/www.evearly.news\/fr\/wp-json\/wp\/v2\/posts\/248603\/revisions"}],"wp:attachment":[{"href":"https:\/\/www.evearly.news\/fr\/wp-json\/wp\/v2\/media?parent=248603"}],"wp:term":[{"taxonomy":"category","embeddable":true,"href":"https:\/\/www.evearly.news\/fr\/wp-json\/wp\/v2\/categories?post=248603"},{"taxonomy":"post_tag","embeddable":true,"href":"https:\/\/www.evearly.news\/fr\/wp-json\/wp\/v2\/tags?post=248603"}],"curies":[{"name":"wp","href":"https:\/\/api.w.org\/{rel}","templated":true}]}}