{"id":248617,"date":"2023-07-24T20:28:12","date_gmt":"2023-07-24T18:28:12","guid":{"rendered":"https:\/\/news.evearly.com\/emmanuel-macron-nous-allons-rouvrir-des-usines-qui-produisent-des-panneaux-solaires\/"},"modified":"2023-08-28T15:53:56","modified_gmt":"2023-08-28T15:53:56","slug":"emmanuel-macron-nous-allons-rouvrir-des-usines-qui-produisent-des-panneaux-solaires","status":"publish","type":"post","link":"https:\/\/www.evearly.news\/fr\/emmanuel-macron-nous-allons-rouvrir-des-usines-qui-produisent-des-panneaux-solaires\/","title":{"rendered":"Emmanuel Macron: \u00abnous allons rouvrir des usines qui produisent des panneaux solaires\u00bb"},"content":{"rendered":"<p><iframe loading=\"lazy\" title=\"Extrait de l'interview d'Emmanuel Macron sur les renouvelables\" src=\"https:\/\/www.youtube.com\/embed\/7cE4i3sne2Q\" width=\"580\" height=\"326\" frameborder=\"0\" allowfullscreen=\"allowfullscreen\"><\/iframe>Le pr\u00e9sident de la R\u00e9publique \u00e9tait l\u2019invit\u00e9 depuis Noum\u00e9a des journaux de 13 heures de TF1 et France2. L\u2019occasion pour Emmanuel Macron de pr\u00e9ciser le lien entre la planification \u00e9cologique, dont une premi\u00e8re mouture vient d&rsquo;\u00eatre pr\u00e9sent\u00e9e par le gouvernement,&#8230;\u00a0\u00a0\u00a0 <a href=\"https:\/\/feeds.feedblitz.com\/~\/758231849\/0\/tecsol~Emmanuel-Macron-%c2%abnous-allons-rouvrir-des-usines-qui-produisent-des-panneaux-solaires%c2%bb.html\" target=\"bwindow\" rel=\"noopener\">Lire la suite&#8230;<\/a><\/p>\n","protected":false},"excerpt":{"rendered":"<p>&#8230; <a class=\"continue-reading-link\" href=\"https:\/\/www.evearly.news\/fr\/emmanuel-macron-nous-allons-rouvrir-des-usines-qui-produisent-des-panneaux-solaires\/\"><\/a><\/p>\n","protected":false},"author":25,"featured_media":0,"comment_status":"closed","ping_status":"closed","sticky":false,"template":"","format":"standard","meta":{"footnotes":""},"categories":[22],"tags":[],"class_list":["post-248617","post","type-post","status-publish","format-standard","hentry","category-tecsol"],"_links":{"self":[{"href":"https:\/\/www.evearly.news\/fr\/wp-json\/wp\/v2\/posts\/248617","targetHints":{"allow":["GET"]}}],"collection":[{"href":"https:\/\/www.evearly.news\/fr\/wp-json\/wp\/v2\/posts"}],"about":[{"href":"https:\/\/www.evearly.news\/fr\/wp-json\/wp\/v2\/types\/post"}],"author":[{"embeddable":true,"href":"https:\/\/www.evearly.news\/fr\/wp-json\/wp\/v2\/users\/25"}],"replies":[{"embeddable":true,"href":"https:\/\/www.evearly.news\/fr\/wp-json\/wp\/v2\/comments?post=248617"}],"version-history":[{"count":1,"href":"https:\/\/www.evearly.news\/fr\/wp-json\/wp\/v2\/posts\/248617\/revisions"}],"predecessor-version":[{"id":260984,"href":"https:\/\/www.evearly.news\/fr\/wp-json\/wp\/v2\/posts\/248617\/revisions\/260984"}],"wp:attachment":[{"href":"https:\/\/www.evearly.news\/fr\/wp-json\/wp\/v2\/media?parent=248617"}],"wp:term":[{"taxonomy":"category","embeddable":true,"href":"https:\/\/www.evearly.news\/fr\/wp-json\/wp\/v2\/categories?post=248617"},{"taxonomy":"post_tag","embeddable":true,"href":"https:\/\/www.evearly.news\/fr\/wp-json\/wp\/v2\/tags?post=248617"}],"curies":[{"name":"wp","href":"https:\/\/api.w.org\/{rel}","templated":true}]}}