{"id":248619,"date":"2023-07-24T20:32:53","date_gmt":"2023-07-24T18:32:53","guid":{"rendered":"https:\/\/news.evearly.com\/les-constructeurs-chinois-prets-a-reussir-aussi-en-asie-du-sud-est-grace-aux-electriques\/"},"modified":"2023-08-17T04:20:11","modified_gmt":"2023-08-17T04:20:11","slug":"les-constructeurs-chinois-prets-a-reussir-aussi-en-asie-du-sud-est-grace-aux-electriques","status":"publish","type":"post","link":"https:\/\/www.evearly.news\/fr\/les-constructeurs-chinois-prets-a-reussir-aussi-en-asie-du-sud-est-grace-aux-electriques\/","title":{"rendered":"Les constructeurs chinois pr\u00eats \u00e0 r\u00e9ussir aussi en Asie du sud-est gr\u00e2ce aux \u00e9lectriques"},"content":{"rendered":"<p><img loading=\"lazy\" decoding=\"async\" width=\"500\" height=\"333\" src=\"https:\/\/news.evearly.com\/wp-content\/uploads\/2023\/07\/les-constructeurs-chinois-prets-a-reussir-aussi-en-asie-du-sud-est-grace-aux-electriques.jpg\" class=\"attachment-1200x800 size-1200x800 wp-post-image\" alt=\"BYD Atto3 en Asie du sud est\" \/><br \/>\nCauchemar en vue pour les constructeurs japonais ? Le march\u00e9 de l&rsquo;\u00e9lectrique se d\u00e9veloppe rapidement en Asie du sud-est, avec des constructeurs chinois qui trustent d\u00e9j\u00e0 une majorit\u00e9 des ventes. <a href=\"https:\/\/www.automobile-propre.com\/les-constructeurs-chinois-prets-a-reussir-aussi-en-asie-du-sud-est-grace-aux-electriques\/\" target='bwindow' rel=\"noopener\">Lire la suite&#8230;<\/a><\/p>\n","protected":false},"excerpt":{"rendered":"<p>Cauchemar en vue pour les constructeurs japonais ? Le march\u00e9 de l&rsquo;\u00e9lectrique se d\u00e9veloppe rapidement en Asie du sud-est, avec des constructeurs chinois qui trustent d\u00e9j\u00e0 une majorit\u00e9 des ventes.<\/p>\n<p> Lire la suite&#8230;&#8230; <a class=\"continue-reading-link\" href=\"https:\/\/www.evearly.news\/fr\/les-constructeurs-chinois-prets-a-reussir-aussi-en-asie-du-sud-est-grace-aux-electriques\/\"><\/a><\/p>\n","protected":false},"author":8,"featured_media":0,"comment_status":"closed","ping_status":"closed","sticky":false,"template":"","format":"standard","meta":{"footnotes":""},"categories":[8],"tags":[],"class_list":["post-248619","post","type-post","status-publish","format-standard","hentry","category-automobile-propre"],"_links":{"self":[{"href":"https:\/\/www.evearly.news\/fr\/wp-json\/wp\/v2\/posts\/248619","targetHints":{"allow":["GET"]}}],"collection":[{"href":"https:\/\/www.evearly.news\/fr\/wp-json\/wp\/v2\/posts"}],"about":[{"href":"https:\/\/www.evearly.news\/fr\/wp-json\/wp\/v2\/types\/post"}],"author":[{"embeddable":true,"href":"https:\/\/www.evearly.news\/fr\/wp-json\/wp\/v2\/users\/8"}],"replies":[{"embeddable":true,"href":"https:\/\/www.evearly.news\/fr\/wp-json\/wp\/v2\/comments?post=248619"}],"version-history":[{"count":1,"href":"https:\/\/www.evearly.news\/fr\/wp-json\/wp\/v2\/posts\/248619\/revisions"}],"predecessor-version":[{"id":252492,"href":"https:\/\/www.evearly.news\/fr\/wp-json\/wp\/v2\/posts\/248619\/revisions\/252492"}],"wp:attachment":[{"href":"https:\/\/www.evearly.news\/fr\/wp-json\/wp\/v2\/media?parent=248619"}],"wp:term":[{"taxonomy":"category","embeddable":true,"href":"https:\/\/www.evearly.news\/fr\/wp-json\/wp\/v2\/categories?post=248619"},{"taxonomy":"post_tag","embeddable":true,"href":"https:\/\/www.evearly.news\/fr\/wp-json\/wp\/v2\/tags?post=248619"}],"curies":[{"name":"wp","href":"https:\/\/api.w.org\/{rel}","templated":true}]}}