{"id":248837,"date":"2023-07-26T12:34:50","date_gmt":"2023-07-26T10:34:50","guid":{"rendered":"https:\/\/news.evearly.com\/voici-la-nouvelle-audi-q6-e-tron-la-voiture-electrique-qui-a-presque-tout-pour-rivaliser-avec-tesla\/"},"modified":"2023-07-26T12:34:50","modified_gmt":"2023-07-26T10:34:50","slug":"voici-la-nouvelle-audi-q6-e-tron-la-voiture-electrique-qui-a-presque-tout-pour-rivaliser-avec-tesla","status":"publish","type":"post","link":"https:\/\/www.evearly.news\/fr\/voici-la-nouvelle-audi-q6-e-tron-la-voiture-electrique-qui-a-presque-tout-pour-rivaliser-avec-tesla\/","title":{"rendered":"Voici la nouvelle Audi Q6 e-tron, la voiture \u00e9lectrique qui a (presque) tout pour rivaliser avec Tesla"},"content":{"rendered":"<p><img decoding=\"async\" width=\"1200\" height=\"800\" src=\"https:\/\/news.evearly.com\/wp-content\/uploads\/2023\/07\/voici-la-nouvelle-audi-q6-e-tron-la-voiture-electrique-qui-a-presque-tout-pour-rivaliser-avec-tesla.jpg\" class=\"attachment-large size-large wp-post-image\" alt=\"\" loading=\"lazy\" \/><br \/>\u00c0 quelques mois de sa r\u00e9v\u00e9lation, l&rsquo;Audi Q6 e-tron nous d\u00e9voile quelques informations suppl\u00e9mentaires, alors que certains de nos confr\u00e8res ont pu en prendre le volant. L&rsquo;occasion de d\u00e9couvrir sa consommation ainsi que ses caract\u00e9ristiques techniques, qui devraient faire de lui un rival de taille pour les Tesla Model Y et Model X. <a href=\"https:\/\/www.frandroid.com\/marques\/audi\/1754555_voici-la-nouvelle-audi-q6-e-tron-la-voiture-electrique-qui-a-presque-tout-pour-rivaliser-avec-tesla\" target=\"blank\" rel=\"noopener\">Lire la suite&#8230;<\/a><\/p>\n","protected":false},"excerpt":{"rendered":"<p><img decoding=\"async\" width=\"1200\" height=\"800\" src=\"https:\/\/news.evearly.com\/wp-content\/uploads\/2023\/07\/voici-la-nouvelle-audi-q6-e-tron-la-voiture-electrique-qui-a-presque-tout-pour-rivaliser-avec-tesla.jpg\" class=\"attachment-large size-large wp-post-image\" alt=\"\" loading=\"lazy\" \/><br \/>\u00c0 quelques mois de sa r\u00e9v\u00e9lation, l&rsquo;Audi Q6 e-tron nous d\u00e9voile quelques informations suppl\u00e9mentaires, alors que certains de nos confr\u00e8res ont pu en prendre le volant. L&rsquo;occasion de d\u00e9couvrir sa consommation ainsi que ses caract\u00e9ristiques techniques, qui devraient faire de lui un rival de taille pour les Tesla Model Y et Model X.\n<\/p>\n<p> <a class=\"continue-reading-link\" href=\"https:\/\/www.evearly.news\/fr\/voici-la-nouvelle-audi-q6-e-tron-la-voiture-electrique-qui-a-presque-tout-pour-rivaliser-avec-tesla\/\"><\/a><\/p>\n","protected":false},"author":6,"featured_media":0,"comment_status":"closed","ping_status":"closed","sticky":false,"template":"","format":"standard","meta":{"footnotes":""},"categories":[14],"tags":[],"class_list":["post-248837","post","type-post","status-publish","format-standard","hentry","category-frandroid"],"_links":{"self":[{"href":"https:\/\/www.evearly.news\/fr\/wp-json\/wp\/v2\/posts\/248837","targetHints":{"allow":["GET"]}}],"collection":[{"href":"https:\/\/www.evearly.news\/fr\/wp-json\/wp\/v2\/posts"}],"about":[{"href":"https:\/\/www.evearly.news\/fr\/wp-json\/wp\/v2\/types\/post"}],"author":[{"embeddable":true,"href":"https:\/\/www.evearly.news\/fr\/wp-json\/wp\/v2\/users\/6"}],"replies":[{"embeddable":true,"href":"https:\/\/www.evearly.news\/fr\/wp-json\/wp\/v2\/comments?post=248837"}],"version-history":[{"count":0,"href":"https:\/\/www.evearly.news\/fr\/wp-json\/wp\/v2\/posts\/248837\/revisions"}],"wp:attachment":[{"href":"https:\/\/www.evearly.news\/fr\/wp-json\/wp\/v2\/media?parent=248837"}],"wp:term":[{"taxonomy":"category","embeddable":true,"href":"https:\/\/www.evearly.news\/fr\/wp-json\/wp\/v2\/categories?post=248837"},{"taxonomy":"post_tag","embeddable":true,"href":"https:\/\/www.evearly.news\/fr\/wp-json\/wp\/v2\/tags?post=248837"}],"curies":[{"name":"wp","href":"https:\/\/api.w.org\/{rel}","templated":true}]}}