{"id":249225,"date":"2023-07-29T06:00:29","date_gmt":"2023-07-29T04:00:29","guid":{"rendered":"https:\/\/news.evearly.com\/sept-constructeurs-sassocient-pour-creer-le-plus-grand-reseau-de-recharge-en-amerique-du-nord\/"},"modified":"2023-08-17T18:32:03","modified_gmt":"2023-08-17T18:32:03","slug":"sept-constructeurs-sassocient-pour-creer-le-plus-grand-reseau-de-recharge-en-amerique-du-nord","status":"publish","type":"post","link":"https:\/\/www.evearly.news\/fr\/sept-constructeurs-sassocient-pour-creer-le-plus-grand-reseau-de-recharge-en-amerique-du-nord\/","title":{"rendered":"Sept constructeurs s\u2019associent pour cr\u00e9er le plus grand r\u00e9seau de recharge en Am\u00e9rique du Nord"},"content":{"rendered":"<p><img decoding=\"async\" width=\"1000\" height=\"563\" src=\"https:\/\/news.evearly.com\/wp-content\/uploads\/2023\/07\/sept-constructeurs-sassocient-pour-creer-le-plus-grand-reseau-de-recharge-en-amerique-du-nord.jpg\" class=\"attachment-post-thumbnail size-post-thumbnail wp-post-image\" alt=\"Constructeur r\u00e9seau recharge rapide\" loading=\"lazy\" \/>Sept grands constructeurs automobiles viennent de d\u00e9cider de cr\u00e9er une coentreprise visant \u00e0 acc\u00e9l\u00e9rer l\u2019acc\u00e8s \u00e0 la recharge haute puissance. Cette coentreprise regroupera BMW, General Motors, Honda, Hyundai, Kia, Mercedes-Benz et Stellantis. Des constructeurs qui repr\u00e9sentent plus d\u2019une vingtaine de marques automobiles. Ensemble, ils ambitionnent de cr\u00e9er le plus grand [\u2026] <a href=\"https:\/\/www.avem.fr\/2023\/07\/29\/sept-constructeurs-sassocient-pour-creer-le-plus-grand-reseau-de-recharge-en-amerique-du-nord\/\" target=\"blank\" rel=\"noopener\">Lire la suite&#8230;<\/a><\/p>\n","protected":false},"excerpt":{"rendered":"<p><img decoding=\"async\" width=\"1000\" height=\"563\" src=\"https:\/\/news.evearly.com\/wp-content\/uploads\/2023\/07\/sept-constructeurs-sassocient-pour-creer-le-plus-grand-reseau-de-recharge-en-amerique-du-nord.jpg\" class=\"attachment-post-thumbnail size-post-thumbnail wp-post-image\" alt=\"Constructeur r\u00e9seau recharge rapide\" loading=\"lazy\" \/>Sept grands constructeurs automobiles viennent de d\u00e9cider de cr\u00e9er une coentreprise visant \u00e0 acc\u00e9l\u00e9rer l\u2019acc\u00e8s \u00e0 la recharge haute puissance. Cette coentreprise regroupera BMW, General Motors, Honda, Hyundai, Kia, Mercedes-Benz et Stellantis. Des constructeurs qui repr\u00e9sentent plus d\u2019une vingtaine de marques automobiles. Ensemble, ils ambitionnent de cr\u00e9er le plus grand [\u2026] <a class=\"continue-reading-link\" href=\"https:\/\/www.evearly.news\/fr\/sept-constructeurs-sassocient-pour-creer-le-plus-grand-reseau-de-recharge-en-amerique-du-nord\/\"><\/a><\/p>\n","protected":false},"author":3,"featured_media":0,"comment_status":"closed","ping_status":"closed","sticky":false,"template":"","format":"standard","meta":{"footnotes":""},"categories":[3],"tags":[],"class_list":["post-249225","post","type-post","status-publish","format-standard","hentry","category-avem"],"_links":{"self":[{"href":"https:\/\/www.evearly.news\/fr\/wp-json\/wp\/v2\/posts\/249225","targetHints":{"allow":["GET"]}}],"collection":[{"href":"https:\/\/www.evearly.news\/fr\/wp-json\/wp\/v2\/posts"}],"about":[{"href":"https:\/\/www.evearly.news\/fr\/wp-json\/wp\/v2\/types\/post"}],"author":[{"embeddable":true,"href":"https:\/\/www.evearly.news\/fr\/wp-json\/wp\/v2\/users\/3"}],"replies":[{"embeddable":true,"href":"https:\/\/www.evearly.news\/fr\/wp-json\/wp\/v2\/comments?post=249225"}],"version-history":[{"count":1,"href":"https:\/\/www.evearly.news\/fr\/wp-json\/wp\/v2\/posts\/249225\/revisions"}],"predecessor-version":[{"id":256199,"href":"https:\/\/www.evearly.news\/fr\/wp-json\/wp\/v2\/posts\/249225\/revisions\/256199"}],"wp:attachment":[{"href":"https:\/\/www.evearly.news\/fr\/wp-json\/wp\/v2\/media?parent=249225"}],"wp:term":[{"taxonomy":"category","embeddable":true,"href":"https:\/\/www.evearly.news\/fr\/wp-json\/wp\/v2\/categories?post=249225"},{"taxonomy":"post_tag","embeddable":true,"href":"https:\/\/www.evearly.news\/fr\/wp-json\/wp\/v2\/tags?post=249225"}],"curies":[{"name":"wp","href":"https:\/\/api.w.org\/{rel}","templated":true}]}}