{"id":249233,"date":"2023-07-29T08:30:00","date_gmt":"2023-07-29T06:30:00","guid":{"rendered":"https:\/\/news.evearly.com\/renault-megane-electrique-24-chiffres-verifies-pour-choisir-la-bonne-batterie-et-le-bon-moteur\/"},"modified":"2023-08-17T04:31:13","modified_gmt":"2023-08-17T04:31:13","slug":"renault-megane-electrique-24-chiffres-verifies-pour-choisir-la-bonne-batterie-et-le-bon-moteur","status":"publish","type":"post","link":"https:\/\/www.evearly.news\/fr\/renault-megane-electrique-24-chiffres-verifies-pour-choisir-la-bonne-batterie-et-le-bon-moteur\/","title":{"rendered":"Renault M\u00e9gane \u00e9lectrique : 24 chiffres v\u00e9rifi\u00e9s pour choisir la bonne batterie et le bon moteur"},"content":{"rendered":"<div class=\"media_block\"><img decoding=\"async\" src=\"https:\/\/news.evearly.com\/wp-content\/uploads\/2023\/07\/renault-megane-electrique-24-chiffres-verifies-pour-choisir-la-bonne-batterie-et-le-bon-moteur.jpg\"><\/div>\n<p>Repr\u00e9sentant d\u00e9sormais la majorit\u00e9 des ventes de M\u00e9gane, l\u2019\u00e9lectrique E-Tech peut compter sur une gamme assez d\u00e9velopp\u00e9e. Pour savoir quelle version vous convient le mieux, nous avons compil\u00e9 les chiffres. <a href=\"https:\/\/www.automobile-magazine.fr\/voitures-electriques\/article\/39554-renault-megane-electrique-24-chiffres-verifies-pour-choisir-la-bonne-batterie-et-le-bon-moteur\" target='bwindow' rel=\"noopener\">Lire la suite&#8230;<\/a><\/p>\n","protected":false},"excerpt":{"rendered":"<div class=\"media_block\"><img decoding=\"async\" src=\"https:\/\/news.evearly.com\/wp-content\/uploads\/2023\/07\/renault-megane-electrique-24-chiffres-verifies-pour-choisir-la-bonne-batterie-et-le-bon-moteur.jpg\"><\/div>\n<p> <a class=\"continue-reading-link\" href=\"https:\/\/www.evearly.news\/fr\/renault-megane-electrique-24-chiffres-verifies-pour-choisir-la-bonne-batterie-et-le-bon-moteur\/\"><\/a><\/p>\n","protected":false},"author":7,"featured_media":0,"comment_status":"closed","ping_status":"closed","sticky":false,"template":"","format":"standard","meta":{"footnotes":""},"categories":[7],"tags":[],"class_list":["post-249233","post","type-post","status-publish","format-standard","hentry","category-automobile-magazine"],"_links":{"self":[{"href":"https:\/\/www.evearly.news\/fr\/wp-json\/wp\/v2\/posts\/249233","targetHints":{"allow":["GET"]}}],"collection":[{"href":"https:\/\/www.evearly.news\/fr\/wp-json\/wp\/v2\/posts"}],"about":[{"href":"https:\/\/www.evearly.news\/fr\/wp-json\/wp\/v2\/types\/post"}],"author":[{"embeddable":true,"href":"https:\/\/www.evearly.news\/fr\/wp-json\/wp\/v2\/users\/7"}],"replies":[{"embeddable":true,"href":"https:\/\/www.evearly.news\/fr\/wp-json\/wp\/v2\/comments?post=249233"}],"version-history":[{"count":1,"href":"https:\/\/www.evearly.news\/fr\/wp-json\/wp\/v2\/posts\/249233\/revisions"}],"predecessor-version":[{"id":252823,"href":"https:\/\/www.evearly.news\/fr\/wp-json\/wp\/v2\/posts\/249233\/revisions\/252823"}],"wp:attachment":[{"href":"https:\/\/www.evearly.news\/fr\/wp-json\/wp\/v2\/media?parent=249233"}],"wp:term":[{"taxonomy":"category","embeddable":true,"href":"https:\/\/www.evearly.news\/fr\/wp-json\/wp\/v2\/categories?post=249233"},{"taxonomy":"post_tag","embeddable":true,"href":"https:\/\/www.evearly.news\/fr\/wp-json\/wp\/v2\/tags?post=249233"}],"curies":[{"name":"wp","href":"https:\/\/api.w.org\/{rel}","templated":true}]}}