{"id":249352,"date":"2023-07-31T15:00:51","date_gmt":"2023-07-31T13:00:51","guid":{"rendered":"https:\/\/news.evearly.com\/et-si-les-voitures-electriques-etaient-finalement-plus-bruyantes-que-les-voitures-thermiques\/"},"modified":"2023-07-31T15:00:51","modified_gmt":"2023-07-31T13:00:51","slug":"et-si-les-voitures-electriques-etaient-finalement-plus-bruyantes-que-les-voitures-thermiques","status":"publish","type":"post","link":"https:\/\/www.evearly.news\/fr\/et-si-les-voitures-electriques-etaient-finalement-plus-bruyantes-que-les-voitures-thermiques\/","title":{"rendered":"Et si les voitures \u00e9lectriques \u00e9taient finalement plus bruyantes que les voitures thermiques\u00a0?"},"content":{"rendered":"<p><img decoding=\"async\" width=\"1400\" height=\"932\" src=\"https:\/\/news.evearly.com\/wp-content\/uploads\/2023\/07\/et-si-les-voitures-electriques-etaient-finalement-plus-bruyantes-que-les-voitures-thermiques.jpg\" class=\"attachment-full size-full wp-post-image\" alt=\"Model S Tesla essai 2020\" loading=\"lazy\" \/><\/p>\n<p>Selon une \u00e9tude allemand, certains v\u00e9hicules \u00e9lectriques seraient plus bruyants que les voitures thermiques. K\u00e9zaco&nbsp;?<a href=\"https:\/\/www.presse-citron.net\/et-si-les-voitures-electriques-etaient-finalement-plus-bruyantes-que-les-voitures-thermiques\/\" target='bwindow' rel=\"noopener\"> Lire la suite&#8230;<\/a><\/p>\n","protected":false},"excerpt":{"rendered":"<p>Selon une \u00e9tude allemand, certains v\u00e9hicules \u00e9lectriques seraient plus bruyants que les voitures thermiques. K\u00e9zaco&nbsp;?&#8230; <a class=\"continue-reading-link\" href=\"https:\/\/www.evearly.news\/fr\/et-si-les-voitures-electriques-etaient-finalement-plus-bruyantes-que-les-voitures-thermiques\/\"><\/a><\/p>\n","protected":false},"author":18,"featured_media":0,"comment_status":"closed","ping_status":"closed","sticky":false,"template":"Default","format":"standard","meta":{"footnotes":""},"categories":[19],"tags":[],"class_list":["post-249352","post","type-post","status-publish","format-standard","hentry","category-presse-citron"],"_links":{"self":[{"href":"https:\/\/www.evearly.news\/fr\/wp-json\/wp\/v2\/posts\/249352","targetHints":{"allow":["GET"]}}],"collection":[{"href":"https:\/\/www.evearly.news\/fr\/wp-json\/wp\/v2\/posts"}],"about":[{"href":"https:\/\/www.evearly.news\/fr\/wp-json\/wp\/v2\/types\/post"}],"author":[{"embeddable":true,"href":"https:\/\/www.evearly.news\/fr\/wp-json\/wp\/v2\/users\/18"}],"replies":[{"embeddable":true,"href":"https:\/\/www.evearly.news\/fr\/wp-json\/wp\/v2\/comments?post=249352"}],"version-history":[{"count":0,"href":"https:\/\/www.evearly.news\/fr\/wp-json\/wp\/v2\/posts\/249352\/revisions"}],"wp:attachment":[{"href":"https:\/\/www.evearly.news\/fr\/wp-json\/wp\/v2\/media?parent=249352"}],"wp:term":[{"taxonomy":"category","embeddable":true,"href":"https:\/\/www.evearly.news\/fr\/wp-json\/wp\/v2\/categories?post=249352"},{"taxonomy":"post_tag","embeddable":true,"href":"https:\/\/www.evearly.news\/fr\/wp-json\/wp\/v2\/tags?post=249352"}],"curies":[{"name":"wp","href":"https:\/\/api.w.org\/{rel}","templated":true}]}}