{"id":249362,"date":"2023-07-31T15:25:17","date_gmt":"2023-07-31T13:25:17","guid":{"rendered":"https:\/\/news.evearly.com\/e-prix-de-londres-des-pilotes-se-sont-plaints-du-manque-de-visibilite\/"},"modified":"2023-07-31T15:25:17","modified_gmt":"2023-07-31T13:25:17","slug":"e-prix-de-londres-des-pilotes-se-sont-plaints-du-manque-de-visibilite","status":"publish","type":"post","link":"https:\/\/www.evearly.news\/fr\/e-prix-de-londres-des-pilotes-se-sont-plaints-du-manque-de-visibilite\/","title":{"rendered":"E-Prix de Londres : Des pilotes se sont plaints du manque de visibilit\u00e9"},"content":{"rendered":"<div class=\"media_block\"><img decoding=\"async\" src=\"https:\/\/news.evearly.com\/wp-content\/uploads\/2023\/07\/e-prix-de-londres-des-pilotes-se-sont-plaints-du-manque-de-visibilite.jpg\"><\/div>\n<p>Les pilotes de Formule E pensent que la bonne d\u00e9cision a \u00e9t\u00e9 prise en interrompant l&rsquo;E-Prix de Londres du fait de la pluie.<a href=\"https:\/\/insideevs.fr\/news\/679487\/fe-londres-pluie-visibilite-tiktum\/\" target=\"blank\" rel=\"noopener\"> Lire la suite&#8230;<\/a><\/p>\n","protected":false},"excerpt":{"rendered":"<div class=\"media_block\"><img decoding=\"async\" src=\"https:\/\/news.evearly.com\/wp-content\/uploads\/2023\/07\/e-prix-de-londres-des-pilotes-se-sont-plaints-du-manque-de-visibilite.jpg\"><\/div>\n<p>Les pilotes de Formule E pensent que la bonne d\u00e9cision a \u00e9t\u00e9 prise en interrompant l&rsquo;E-Prix de Londres du fait de la pluie. <a class=\"continue-reading-link\" href=\"https:\/\/www.evearly.news\/fr\/e-prix-de-londres-des-pilotes-se-sont-plaints-du-manque-de-visibilite\/\"><\/a><\/p>\n","protected":false},"author":14,"featured_media":249363,"comment_status":"closed","ping_status":"closed","sticky":false,"template":"","format":"standard","meta":{"footnotes":""},"categories":[15],"tags":[],"class_list":["post-249362","post","type-post","status-publish","format-standard","has-post-thumbnail","hentry","category-insideevs"],"_links":{"self":[{"href":"https:\/\/www.evearly.news\/fr\/wp-json\/wp\/v2\/posts\/249362","targetHints":{"allow":["GET"]}}],"collection":[{"href":"https:\/\/www.evearly.news\/fr\/wp-json\/wp\/v2\/posts"}],"about":[{"href":"https:\/\/www.evearly.news\/fr\/wp-json\/wp\/v2\/types\/post"}],"author":[{"embeddable":true,"href":"https:\/\/www.evearly.news\/fr\/wp-json\/wp\/v2\/users\/14"}],"replies":[{"embeddable":true,"href":"https:\/\/www.evearly.news\/fr\/wp-json\/wp\/v2\/comments?post=249362"}],"version-history":[{"count":0,"href":"https:\/\/www.evearly.news\/fr\/wp-json\/wp\/v2\/posts\/249362\/revisions"}],"wp:featuredmedia":[{"embeddable":true,"href":"https:\/\/www.evearly.news\/fr\/wp-json\/"}],"wp:attachment":[{"href":"https:\/\/www.evearly.news\/fr\/wp-json\/wp\/v2\/media?parent=249362"}],"wp:term":[{"taxonomy":"category","embeddable":true,"href":"https:\/\/www.evearly.news\/fr\/wp-json\/wp\/v2\/categories?post=249362"},{"taxonomy":"post_tag","embeddable":true,"href":"https:\/\/www.evearly.news\/fr\/wp-json\/wp\/v2\/tags?post=249362"}],"curies":[{"name":"wp","href":"https:\/\/api.w.org\/{rel}","templated":true}]}}