{"id":249390,"date":"2023-07-31T16:48:39","date_gmt":"2023-07-31T14:48:39","guid":{"rendered":"https:\/\/news.evearly.com\/pourquoi-les-nombreux-rappels-de-tesla-ne-sont-pas-vraiment-des-rappels\/"},"modified":"2023-07-31T16:48:39","modified_gmt":"2023-07-31T14:48:39","slug":"pourquoi-les-nombreux-rappels-de-tesla-ne-sont-pas-vraiment-des-rappels","status":"publish","type":"post","link":"https:\/\/www.evearly.news\/fr\/pourquoi-les-nombreux-rappels-de-tesla-ne-sont-pas-vraiment-des-rappels\/","title":{"rendered":"Pourquoi les nombreux \u00ab\u2009rappels\u2009\u00bb de Tesla ne sont pas vraiment des rappels"},"content":{"rendered":"<p><img decoding=\"async\" width=\"1200\" height=\"801\" src=\"https:\/\/news.evearly.com\/wp-content\/uploads\/2023\/07\/pourquoi-les-nombreux-rappels-de-tesla-ne-sont-pas-vraiment-des-rappels.jpg\" class=\"attachment-large size-large wp-post-image\" alt=\"\" loading=\"lazy\" \/><br \/>Selon les chiffres de Forbes, Tesla a rappel\u00e9 environ quatre millions de voitures depuis janvier 2022. Si cela peut sembler \u00e9norme, le constructeur r\u00e9sout la plupart de ses probl\u00e8mes via de simples mises \u00e0 jour \u00e0 distance, au contraire de nombreuses autres marques. Et cela devrait inciter ces derni\u00e8res \u00e0 s\u2019am\u00e9liorer. <a href=\"https:\/\/www.frandroid.com\/marques\/tesla\/1758115_pourquoi-les-nombreux-rappels-de-tesla-ne-sont-pas-vraiment-des-rappels\" target=\"blank\" rel=\"noopener\">Lire la suite&#8230;<\/a><\/p>\n","protected":false},"excerpt":{"rendered":"<p><img decoding=\"async\" width=\"1200\" height=\"801\" src=\"https:\/\/news.evearly.com\/wp-content\/uploads\/2023\/07\/pourquoi-les-nombreux-rappels-de-tesla-ne-sont-pas-vraiment-des-rappels.jpg\" class=\"attachment-large size-large wp-post-image\" alt=\"\" loading=\"lazy\" \/><br \/>Selon les chiffres de Forbes, Tesla a rappel\u00e9 environ quatre millions de voitures depuis janvier 2022. Si cela peut sembler \u00e9norme, le constructeur r\u00e9sout la plupart de ses probl\u00e8mes via de simples mises \u00e0 jour \u00e0 distance, au contraire de nombreuses autres marques. Et cela devrait inciter ces derni\u00e8res \u00e0 s\u2019am\u00e9liorer. <\/p>\n<p> <a class=\"continue-reading-link\" href=\"https:\/\/www.evearly.news\/fr\/pourquoi-les-nombreux-rappels-de-tesla-ne-sont-pas-vraiment-des-rappels\/\"><\/a><\/p>\n","protected":false},"author":6,"featured_media":249391,"comment_status":"closed","ping_status":"closed","sticky":false,"template":"","format":"standard","meta":{"footnotes":""},"categories":[14],"tags":[],"class_list":["post-249390","post","type-post","status-publish","format-standard","has-post-thumbnail","hentry","category-frandroid"],"_links":{"self":[{"href":"https:\/\/www.evearly.news\/fr\/wp-json\/wp\/v2\/posts\/249390","targetHints":{"allow":["GET"]}}],"collection":[{"href":"https:\/\/www.evearly.news\/fr\/wp-json\/wp\/v2\/posts"}],"about":[{"href":"https:\/\/www.evearly.news\/fr\/wp-json\/wp\/v2\/types\/post"}],"author":[{"embeddable":true,"href":"https:\/\/www.evearly.news\/fr\/wp-json\/wp\/v2\/users\/6"}],"replies":[{"embeddable":true,"href":"https:\/\/www.evearly.news\/fr\/wp-json\/wp\/v2\/comments?post=249390"}],"version-history":[{"count":0,"href":"https:\/\/www.evearly.news\/fr\/wp-json\/wp\/v2\/posts\/249390\/revisions"}],"wp:featuredmedia":[{"embeddable":true,"href":"https:\/\/www.evearly.news\/fr\/wp-json\/"}],"wp:attachment":[{"href":"https:\/\/www.evearly.news\/fr\/wp-json\/wp\/v2\/media?parent=249390"}],"wp:term":[{"taxonomy":"category","embeddable":true,"href":"https:\/\/www.evearly.news\/fr\/wp-json\/wp\/v2\/categories?post=249390"},{"taxonomy":"post_tag","embeddable":true,"href":"https:\/\/www.evearly.news\/fr\/wp-json\/wp\/v2\/tags?post=249390"}],"curies":[{"name":"wp","href":"https:\/\/api.w.org\/{rel}","templated":true}]}}