{"id":249395,"date":"2023-07-31T17:24:33","date_gmt":"2023-07-31T15:24:33","guid":{"rendered":"https:\/\/news.evearly.com\/la-nouvelle-tesla-model-3-semble-se-rapprocher-mais-il-va-encore-falloir-patienter-un-peu\/"},"modified":"2023-07-31T17:24:33","modified_gmt":"2023-07-31T15:24:33","slug":"la-nouvelle-tesla-model-3-semble-se-rapprocher-mais-il-va-encore-falloir-patienter-un-peu","status":"publish","type":"post","link":"https:\/\/www.evearly.news\/fr\/la-nouvelle-tesla-model-3-semble-se-rapprocher-mais-il-va-encore-falloir-patienter-un-peu\/","title":{"rendered":"La \u00ab\u2009nouvelle\u2009\u00bb Tesla Model\u00a03 semble se rapprocher, mais il va encore falloir patienter un peu"},"content":{"rendered":"<p><img decoding=\"async\" width=\"1200\" height=\"800\" src=\"https:\/\/news.evearly.com\/wp-content\/uploads\/2023\/07\/la-nouvelle-tesla-model-3-semble-se-rapprocher-mais-il-va-encore-falloir-patienter-un-peu.jpg\" class=\"attachment-large size-large wp-post-image\" alt=\"\" loading=\"lazy\" \/><br \/>Pendant deux jours, l\u2019usine am\u00e9ricaine de Tesla \u00e0 Fremont a arr\u00eat\u00e9 sa production\u2026 avant de la reprendre sur un rythme plut\u00f4t calme. Alors simple pause pour de la maintenance ou nouvel indice de l\u2019arriv\u00e9e de la Tesla Model\u00a03 \u00ab\u2009Highland\u2009\u00bb\u2009? <a href=\"https:\/\/www.frandroid.com\/survoltes\/voitures-electriques\/1758023_la-nouvelle-tesla-model-3-semble-se-rapprocher-mais-il-va-encore-falloir-patienter-un-peu\" target=\"blank\" rel=\"noopener\">Lire la suite&#8230;<\/a><\/p>\n","protected":false},"excerpt":{"rendered":"<p><img decoding=\"async\" width=\"1200\" height=\"800\" src=\"https:\/\/news.evearly.com\/wp-content\/uploads\/2023\/07\/la-nouvelle-tesla-model-3-semble-se-rapprocher-mais-il-va-encore-falloir-patienter-un-peu.jpg\" class=\"attachment-large size-large wp-post-image\" alt=\"\" loading=\"lazy\" \/><br \/>Pendant deux jours, l\u2019usine am\u00e9ricaine de Tesla \u00e0 Fremont a arr\u00eat\u00e9 sa production\u2026 avant de la reprendre sur un rythme plut\u00f4t calme. Alors simple pause pour de la maintenance ou nouvel indice de l\u2019arriv\u00e9e de la Tesla Model\u00a03 \u00ab\u2009Highland\u2009\u00bb\u2009?<\/p>\n<p> <a class=\"continue-reading-link\" href=\"https:\/\/www.evearly.news\/fr\/la-nouvelle-tesla-model-3-semble-se-rapprocher-mais-il-va-encore-falloir-patienter-un-peu\/\"><\/a><\/p>\n","protected":false},"author":6,"featured_media":249396,"comment_status":"closed","ping_status":"closed","sticky":false,"template":"","format":"standard","meta":{"footnotes":""},"categories":[14],"tags":[],"class_list":["post-249395","post","type-post","status-publish","format-standard","has-post-thumbnail","hentry","category-frandroid"],"_links":{"self":[{"href":"https:\/\/www.evearly.news\/fr\/wp-json\/wp\/v2\/posts\/249395","targetHints":{"allow":["GET"]}}],"collection":[{"href":"https:\/\/www.evearly.news\/fr\/wp-json\/wp\/v2\/posts"}],"about":[{"href":"https:\/\/www.evearly.news\/fr\/wp-json\/wp\/v2\/types\/post"}],"author":[{"embeddable":true,"href":"https:\/\/www.evearly.news\/fr\/wp-json\/wp\/v2\/users\/6"}],"replies":[{"embeddable":true,"href":"https:\/\/www.evearly.news\/fr\/wp-json\/wp\/v2\/comments?post=249395"}],"version-history":[{"count":0,"href":"https:\/\/www.evearly.news\/fr\/wp-json\/wp\/v2\/posts\/249395\/revisions"}],"wp:featuredmedia":[{"embeddable":true,"href":"https:\/\/www.evearly.news\/fr\/wp-json\/"}],"wp:attachment":[{"href":"https:\/\/www.evearly.news\/fr\/wp-json\/wp\/v2\/media?parent=249395"}],"wp:term":[{"taxonomy":"category","embeddable":true,"href":"https:\/\/www.evearly.news\/fr\/wp-json\/wp\/v2\/categories?post=249395"},{"taxonomy":"post_tag","embeddable":true,"href":"https:\/\/www.evearly.news\/fr\/wp-json\/wp\/v2\/tags?post=249395"}],"curies":[{"name":"wp","href":"https:\/\/api.w.org\/{rel}","templated":true}]}}