{"id":249397,"date":"2023-07-31T18:12:57","date_gmt":"2023-07-31T16:12:57","guid":{"rendered":"https:\/\/news.evearly.com\/ford-perd-beaucoup-dargent-avec-ses-vehicules-electriques\/"},"modified":"2023-08-17T04:19:08","modified_gmt":"2023-08-17T04:19:08","slug":"ford-perd-beaucoup-dargent-avec-ses-vehicules-electriques","status":"publish","type":"post","link":"https:\/\/www.evearly.news\/fr\/ford-perd-beaucoup-dargent-avec-ses-vehicules-electriques\/","title":{"rendered":"Ford perd beaucoup d\u2019argent avec ses v\u00e9hicules \u00e9lectriques"},"content":{"rendered":"<p><img decoding=\"async\" width=\"500\" height=\"333\" src=\"https:\/\/news.evearly.com\/wp-content\/uploads\/2023\/07\/ford-perd-beaucoup-dargent-avec-ses-vehicules-electriques.jpg\" class=\"attachment-1200x800 size-1200x800 wp-post-image\" alt=\"\" loading=\"lazy\" \/><br \/>\nSi les r\u00e9sultats financiers globaux de Ford se sont nettement am\u00e9lior\u00e9s, les pertes li\u00e9es \u00e0 sa division \u00e9lectriques s&rsquo;envolent. Comme\u2026 <a href=\"https:\/\/www.automobile-propre.com\/ford-perd-beaucoup-dargent-avec-ses-vehicules-electriques\/\" target='bwindow' rel=\"noopener\">Lire la suite&#8230;<\/a><\/p>\n","protected":false},"excerpt":{"rendered":"<p>Si les r\u00e9sultats financiers globaux de Ford se sont nettement am\u00e9lior\u00e9s, les pertes li\u00e9es \u00e0 sa division \u00e9lectriques s&rsquo;envolent. Comme\u2026<\/p>\n<p> Lire la suite&#8230;&#8230; <a class=\"continue-reading-link\" href=\"https:\/\/www.evearly.news\/fr\/ford-perd-beaucoup-dargent-avec-ses-vehicules-electriques\/\"><\/a><\/p>\n","protected":false},"author":8,"featured_media":0,"comment_status":"closed","ping_status":"closed","sticky":false,"template":"","format":"standard","meta":{"footnotes":""},"categories":[8],"tags":[],"class_list":["post-249397","post","type-post","status-publish","format-standard","hentry","category-automobile-propre"],"_links":{"self":[{"href":"https:\/\/www.evearly.news\/fr\/wp-json\/wp\/v2\/posts\/249397","targetHints":{"allow":["GET"]}}],"collection":[{"href":"https:\/\/www.evearly.news\/fr\/wp-json\/wp\/v2\/posts"}],"about":[{"href":"https:\/\/www.evearly.news\/fr\/wp-json\/wp\/v2\/types\/post"}],"author":[{"embeddable":true,"href":"https:\/\/www.evearly.news\/fr\/wp-json\/wp\/v2\/users\/8"}],"replies":[{"embeddable":true,"href":"https:\/\/www.evearly.news\/fr\/wp-json\/wp\/v2\/comments?post=249397"}],"version-history":[{"count":1,"href":"https:\/\/www.evearly.news\/fr\/wp-json\/wp\/v2\/posts\/249397\/revisions"}],"predecessor-version":[{"id":252444,"href":"https:\/\/www.evearly.news\/fr\/wp-json\/wp\/v2\/posts\/249397\/revisions\/252444"}],"wp:attachment":[{"href":"https:\/\/www.evearly.news\/fr\/wp-json\/wp\/v2\/media?parent=249397"}],"wp:term":[{"taxonomy":"category","embeddable":true,"href":"https:\/\/www.evearly.news\/fr\/wp-json\/wp\/v2\/categories?post=249397"},{"taxonomy":"post_tag","embeddable":true,"href":"https:\/\/www.evearly.news\/fr\/wp-json\/wp\/v2\/tags?post=249397"}],"curies":[{"name":"wp","href":"https:\/\/api.w.org\/{rel}","templated":true}]}}