{"id":249399,"date":"2023-07-31T17:00:07","date_gmt":"2023-07-31T15:00:07","guid":{"rendered":"https:\/\/news.evearly.com\/essai-video-bmw-ix5-hydrogen-une-solution-credible-notre-test-sur-les-routes-francaises\/"},"modified":"2023-08-17T04:19:09","modified_gmt":"2023-08-17T04:19:09","slug":"essai-video-bmw-ix5-hydrogen-une-solution-credible-notre-test-sur-les-routes-francaises","status":"publish","type":"post","link":"https:\/\/www.evearly.news\/fr\/essai-video-bmw-ix5-hydrogen-une-solution-credible-notre-test-sur-les-routes-francaises\/","title":{"rendered":"Essai vid\u00e9o \u2013 BMW iX5 Hydrogen : une solution cr\u00e9dible ? Notre test sur les routes fran\u00e7aises"},"content":{"rendered":"<p><img decoding=\"async\" width=\"500\" height=\"333\" src=\"https:\/\/news.evearly.com\/wp-content\/uploads\/2023\/07\/essai-video-bmw-ix5-hydrogen-une-solution-credible-notre-test-sur-les-routes-francaises.jpg\" class=\"attachment-1200x800 size-1200x800 wp-post-image\" alt=\"\" loading=\"lazy\" \/><br \/>\n\u00a0 Apr\u00e8s une premi\u00e8re d\u00e9couverte du iX5 Hydrogen sur les routes de Belgique, BMW nous a convi\u00e9 \u00e0 en prendre\u2026 <a href=\"https:\/\/www.automobile-propre.com\/essai-bmw-ix5-hydrogen-une-solution-credible-notre-test-sur-les-routes-francaises\/\" target='bwindow' rel=\"noopener\">Lire la suite&#8230;<\/a><\/p>\n","protected":false},"excerpt":{"rendered":"<p>\u00a0 Apr\u00e8s une premi\u00e8re d\u00e9couverte du iX5 Hydrogen sur les routes de Belgique, BMW nous a convi\u00e9 \u00e0 en prendre\u2026<\/p>\n<p> Lire la suite&#8230;&#8230; <a class=\"continue-reading-link\" href=\"https:\/\/www.evearly.news\/fr\/essai-video-bmw-ix5-hydrogen-une-solution-credible-notre-test-sur-les-routes-francaises\/\"><\/a><\/p>\n","protected":false},"author":8,"featured_media":0,"comment_status":"closed","ping_status":"closed","sticky":false,"template":"","format":"standard","meta":{"footnotes":""},"categories":[8],"tags":[],"class_list":["post-249399","post","type-post","status-publish","format-standard","hentry","category-automobile-propre"],"_links":{"self":[{"href":"https:\/\/www.evearly.news\/fr\/wp-json\/wp\/v2\/posts\/249399","targetHints":{"allow":["GET"]}}],"collection":[{"href":"https:\/\/www.evearly.news\/fr\/wp-json\/wp\/v2\/posts"}],"about":[{"href":"https:\/\/www.evearly.news\/fr\/wp-json\/wp\/v2\/types\/post"}],"author":[{"embeddable":true,"href":"https:\/\/www.evearly.news\/fr\/wp-json\/wp\/v2\/users\/8"}],"replies":[{"embeddable":true,"href":"https:\/\/www.evearly.news\/fr\/wp-json\/wp\/v2\/comments?post=249399"}],"version-history":[{"count":1,"href":"https:\/\/www.evearly.news\/fr\/wp-json\/wp\/v2\/posts\/249399\/revisions"}],"predecessor-version":[{"id":252445,"href":"https:\/\/www.evearly.news\/fr\/wp-json\/wp\/v2\/posts\/249399\/revisions\/252445"}],"wp:attachment":[{"href":"https:\/\/www.evearly.news\/fr\/wp-json\/wp\/v2\/media?parent=249399"}],"wp:term":[{"taxonomy":"category","embeddable":true,"href":"https:\/\/www.evearly.news\/fr\/wp-json\/wp\/v2\/categories?post=249399"},{"taxonomy":"post_tag","embeddable":true,"href":"https:\/\/www.evearly.news\/fr\/wp-json\/wp\/v2\/tags?post=249399"}],"curies":[{"name":"wp","href":"https:\/\/api.w.org\/{rel}","templated":true}]}}