{"id":249434,"date":"2023-08-01T08:58:24","date_gmt":"2023-08-01T06:58:24","guid":{"rendered":"https:\/\/news.evearly.com\/ds-3-e-tense-la-borne-de-recharge-est-offerte\/"},"modified":"2023-08-17T04:19:07","modified_gmt":"2023-08-17T04:19:07","slug":"ds-3-e-tense-la-borne-de-recharge-est-offerte","status":"publish","type":"post","link":"https:\/\/www.evearly.news\/fr\/ds-3-e-tense-la-borne-de-recharge-est-offerte\/","title":{"rendered":"DS 3 E-Tense : la borne de recharge est offerte"},"content":{"rendered":"<p><img decoding=\"async\" width=\"500\" height=\"333\" src=\"https:\/\/news.evearly.com\/wp-content\/uploads\/2023\/08\/ds-3-e-tense-la-borne-de-recharge-est-offerte.jpg\" class=\"attachment-1200x800 size-1200x800 wp-post-image\" alt=\"\" loading=\"lazy\" \/><br \/>\nDS propose une (petite) offre sur la version \u00e9lectrique de sa citadine, fraichement restyl\u00e9e. La DS 3 E-Tense a \u00e9t\u00e9\u2026 <a href=\"https:\/\/www.automobile-propre.com\/ds-3-e-tense-la-borne-de-recharge-est-offerte\/\" target='bwindow' rel=\"noopener\">Lire la suite&#8230;<\/a><\/p>\n","protected":false},"excerpt":{"rendered":"<p>DS propose une (petite) offre sur la version \u00e9lectrique de sa citadine, fraichement restyl\u00e9e. La DS 3 E-Tense a \u00e9t\u00e9\u2026<\/p>\n<p> Lire la suite&#8230;&#8230; <a class=\"continue-reading-link\" href=\"https:\/\/www.evearly.news\/fr\/ds-3-e-tense-la-borne-de-recharge-est-offerte\/\"><\/a><\/p>\n","protected":false},"author":8,"featured_media":0,"comment_status":"closed","ping_status":"closed","sticky":false,"template":"","format":"standard","meta":{"footnotes":""},"categories":[8],"tags":[],"class_list":["post-249434","post","type-post","status-publish","format-standard","hentry","category-automobile-propre"],"_links":{"self":[{"href":"https:\/\/www.evearly.news\/fr\/wp-json\/wp\/v2\/posts\/249434","targetHints":{"allow":["GET"]}}],"collection":[{"href":"https:\/\/www.evearly.news\/fr\/wp-json\/wp\/v2\/posts"}],"about":[{"href":"https:\/\/www.evearly.news\/fr\/wp-json\/wp\/v2\/types\/post"}],"author":[{"embeddable":true,"href":"https:\/\/www.evearly.news\/fr\/wp-json\/wp\/v2\/users\/8"}],"replies":[{"embeddable":true,"href":"https:\/\/www.evearly.news\/fr\/wp-json\/wp\/v2\/comments?post=249434"}],"version-history":[{"count":1,"href":"https:\/\/www.evearly.news\/fr\/wp-json\/wp\/v2\/posts\/249434\/revisions"}],"predecessor-version":[{"id":252443,"href":"https:\/\/www.evearly.news\/fr\/wp-json\/wp\/v2\/posts\/249434\/revisions\/252443"}],"wp:attachment":[{"href":"https:\/\/www.evearly.news\/fr\/wp-json\/wp\/v2\/media?parent=249434"}],"wp:term":[{"taxonomy":"category","embeddable":true,"href":"https:\/\/www.evearly.news\/fr\/wp-json\/wp\/v2\/categories?post=249434"},{"taxonomy":"post_tag","embeddable":true,"href":"https:\/\/www.evearly.news\/fr\/wp-json\/wp\/v2\/tags?post=249434"}],"curies":[{"name":"wp","href":"https:\/\/api.w.org\/{rel}","templated":true}]}}