{"id":249456,"date":"2023-08-01T10:02:27","date_gmt":"2023-08-01T08:02:27","guid":{"rendered":"https:\/\/news.evearly.com\/volkswagen-est-pret-a-transformer-le-logo-gti-pour-ses-modeles-electriques\/"},"modified":"2023-08-17T04:19:04","modified_gmt":"2023-08-17T04:19:04","slug":"volkswagen-est-pret-a-transformer-le-logo-gti-pour-ses-modeles-electriques","status":"publish","type":"post","link":"https:\/\/www.evearly.news\/fr\/volkswagen-est-pret-a-transformer-le-logo-gti-pour-ses-modeles-electriques\/","title":{"rendered":"Volkswagen est pr\u00eat \u00e0 transformer le logo GTI pour ses mod\u00e8les \u00e9lectriques"},"content":{"rendered":"<p><img decoding=\"async\" width=\"500\" height=\"333\" src=\"https:\/\/news.evearly.com\/wp-content\/uploads\/2023\/08\/volkswagen-est-pret-a-transformer-le-logo-gti-pour-ses-modeles-electriques.jpg\" class=\"attachment-1200x800 size-1200x800 wp-post-image\" alt=\"\" loading=\"lazy\" \/><br \/>\nPour ses premi\u00e8res sportives \u00e9lectriques, Volkswagen utilise le badge GTX. Mais celui-ci devrait rapidement \u00eatre abandonn\u00e9. Chez Volkswagen, la bascule\u2026 <a href=\"https:\/\/www.automobile-propre.com\/volkswagen-est-pret-a-transformer-le-logo-gti-pour-ses-modeles-electriques\/\" target='bwindow' rel=\"noopener\">Lire la suite&#8230;<\/a><\/p>\n","protected":false},"excerpt":{"rendered":"<p>Pour ses premi\u00e8res sportives \u00e9lectriques, Volkswagen utilise le badge GTX. Mais celui-ci devrait rapidement \u00eatre abandonn\u00e9. Chez Volkswagen, la bascule\u2026<\/p>\n<p> Lire la suite&#8230;&#8230; <a class=\"continue-reading-link\" href=\"https:\/\/www.evearly.news\/fr\/volkswagen-est-pret-a-transformer-le-logo-gti-pour-ses-modeles-electriques\/\"><\/a><\/p>\n","protected":false},"author":8,"featured_media":0,"comment_status":"closed","ping_status":"closed","sticky":false,"template":"","format":"standard","meta":{"footnotes":""},"categories":[8],"tags":[],"class_list":["post-249456","post","type-post","status-publish","format-standard","hentry","category-automobile-propre"],"_links":{"self":[{"href":"https:\/\/www.evearly.news\/fr\/wp-json\/wp\/v2\/posts\/249456","targetHints":{"allow":["GET"]}}],"collection":[{"href":"https:\/\/www.evearly.news\/fr\/wp-json\/wp\/v2\/posts"}],"about":[{"href":"https:\/\/www.evearly.news\/fr\/wp-json\/wp\/v2\/types\/post"}],"author":[{"embeddable":true,"href":"https:\/\/www.evearly.news\/fr\/wp-json\/wp\/v2\/users\/8"}],"replies":[{"embeddable":true,"href":"https:\/\/www.evearly.news\/fr\/wp-json\/wp\/v2\/comments?post=249456"}],"version-history":[{"count":1,"href":"https:\/\/www.evearly.news\/fr\/wp-json\/wp\/v2\/posts\/249456\/revisions"}],"predecessor-version":[{"id":252442,"href":"https:\/\/www.evearly.news\/fr\/wp-json\/wp\/v2\/posts\/249456\/revisions\/252442"}],"wp:attachment":[{"href":"https:\/\/www.evearly.news\/fr\/wp-json\/wp\/v2\/media?parent=249456"}],"wp:term":[{"taxonomy":"category","embeddable":true,"href":"https:\/\/www.evearly.news\/fr\/wp-json\/wp\/v2\/categories?post=249456"},{"taxonomy":"post_tag","embeddable":true,"href":"https:\/\/www.evearly.news\/fr\/wp-json\/wp\/v2\/tags?post=249456"}],"curies":[{"name":"wp","href":"https:\/\/api.w.org\/{rel}","templated":true}]}}