{"id":249528,"date":"2023-08-01T17:00:00","date_gmt":"2023-08-01T15:00:00","guid":{"rendered":"https:\/\/news.evearly.com\/et-la-premiere-marque-a-avoir-des-equivalents-electriques-a-tous-ses-modeles-est\/"},"modified":"2023-08-17T04:31:04","modified_gmt":"2023-08-17T04:31:04","slug":"et-la-premiere-marque-a-avoir-des-equivalents-electriques-a-tous-ses-modeles-est","status":"publish","type":"post","link":"https:\/\/www.evearly.news\/fr\/et-la-premiere-marque-a-avoir-des-equivalents-electriques-a-tous-ses-modeles-est\/","title":{"rendered":"Et la premi\u00e8re marque \u00e0 avoir des \u00e9quivalents \u00e9lectriques \u00e0 tous ses mod\u00e8les est&#8230;"},"content":{"rendered":"<div class=\"media_block\"><img decoding=\"async\" src=\"https:\/\/news.evearly.com\/wp-content\/uploads\/2023\/08\/et-la-premiere-marque-a-avoir-des-equivalents-electriques-a-tous-ses-modeles-est.jpg\"><\/div>\n<p>En 2024, un constructeur automobile historique aura un \u00e9quivalent \u00e9lectrique \u00e0 chacun de ses v\u00e9hicules. Une premi\u00e8re en Europe, qui n&rsquo;arrivera pas chez un fran\u00e7ais. <a href=\"https:\/\/www.automobile-magazine.fr\/voitures-electriques\/article\/39582-et-la-premiere-marque-a-avoir-des-equivalents-electriques-a-tous-ses-modeles-est\" target='bwindow' rel=\"noopener\">Lire la suite&#8230;<\/a><\/p>\n","protected":false},"excerpt":{"rendered":"<div class=\"media_block\"><img decoding=\"async\" src=\"https:\/\/news.evearly.com\/wp-content\/uploads\/2023\/08\/et-la-premiere-marque-a-avoir-des-equivalents-electriques-a-tous-ses-modeles-est.jpg\"><\/div>\n<p> <a class=\"continue-reading-link\" href=\"https:\/\/www.evearly.news\/fr\/et-la-premiere-marque-a-avoir-des-equivalents-electriques-a-tous-ses-modeles-est\/\"><\/a><\/p>\n","protected":false},"author":7,"featured_media":0,"comment_status":"closed","ping_status":"closed","sticky":false,"template":"","format":"standard","meta":{"footnotes":""},"categories":[7],"tags":[],"class_list":["post-249528","post","type-post","status-publish","format-standard","hentry","category-automobile-magazine"],"_links":{"self":[{"href":"https:\/\/www.evearly.news\/fr\/wp-json\/wp\/v2\/posts\/249528","targetHints":{"allow":["GET"]}}],"collection":[{"href":"https:\/\/www.evearly.news\/fr\/wp-json\/wp\/v2\/posts"}],"about":[{"href":"https:\/\/www.evearly.news\/fr\/wp-json\/wp\/v2\/types\/post"}],"author":[{"embeddable":true,"href":"https:\/\/www.evearly.news\/fr\/wp-json\/wp\/v2\/users\/7"}],"replies":[{"embeddable":true,"href":"https:\/\/www.evearly.news\/fr\/wp-json\/wp\/v2\/comments?post=249528"}],"version-history":[{"count":1,"href":"https:\/\/www.evearly.news\/fr\/wp-json\/wp\/v2\/posts\/249528\/revisions"}],"predecessor-version":[{"id":252815,"href":"https:\/\/www.evearly.news\/fr\/wp-json\/wp\/v2\/posts\/249528\/revisions\/252815"}],"wp:attachment":[{"href":"https:\/\/www.evearly.news\/fr\/wp-json\/wp\/v2\/media?parent=249528"}],"wp:term":[{"taxonomy":"category","embeddable":true,"href":"https:\/\/www.evearly.news\/fr\/wp-json\/wp\/v2\/categories?post=249528"},{"taxonomy":"post_tag","embeddable":true,"href":"https:\/\/www.evearly.news\/fr\/wp-json\/wp\/v2\/tags?post=249528"}],"curies":[{"name":"wp","href":"https:\/\/api.w.org\/{rel}","templated":true}]}}