{"id":249552,"date":"2023-08-01T19:34:29","date_gmt":"2023-08-01T17:34:29","guid":{"rendered":"https:\/\/news.evearly.com\/impact-des-temperatures-sur-lautonomie-des-voitures-electriques\/"},"modified":"2023-08-17T18:32:01","modified_gmt":"2023-08-17T18:32:01","slug":"impact-des-temperatures-sur-lautonomie-des-voitures-electriques","status":"publish","type":"post","link":"https:\/\/www.evearly.news\/fr\/impact-des-temperatures-sur-lautonomie-des-voitures-electriques\/","title":{"rendered":"Impact des temp\u00e9ratures sur l\u2019autonomie des voitures \u00e9lectriques"},"content":{"rendered":"<p><img loading=\"lazy\" decoding=\"async\" width=\"1000\" height=\"563\" src=\"https:\/\/news.evearly.com\/wp-content\/uploads\/2023\/08\/impact-des-temperatures-sur-lautonomie-des-voitures-electriques.jpg\" class=\"attachment-post-thumbnail size-post-thumbnail wp-post-image\" alt=\"Volkswagen ID.4\" \/>L\u2019association am\u00e9ricaine de consommateurs Consumer Reports a \u00e9tudi\u00e9 les variations de l\u2019autonomie caus\u00e9es par les temp\u00e9ratures sur quatre mod\u00e8les de voitures \u00e9lectriques \u00e9galement disponibles en France\u00a0: Ford Mustang Mach-E, Tesla Model Y, Hyundai Ioniq 5 et Volkswagen ID.4. \u00a0 Les autonomies des v\u00e9hicules Si les autonomies des voitures particuli\u00e8res \u00e9lectriques [\u2026] <a href=\"https:\/\/www.avem.fr\/2023\/08\/01\/impact-des-temperatures-sur-lautonomie-des-voitures-electriques\/\" target=\"blank\" rel=\"noopener\">Lire la suite&#8230;<\/a><\/p>\n","protected":false},"excerpt":{"rendered":"<p><img loading=\"lazy\" decoding=\"async\" width=\"1000\" height=\"563\" src=\"https:\/\/news.evearly.com\/wp-content\/uploads\/2023\/08\/impact-des-temperatures-sur-lautonomie-des-voitures-electriques.jpg\" class=\"attachment-post-thumbnail size-post-thumbnail wp-post-image\" alt=\"Volkswagen ID.4\" \/>L\u2019association am\u00e9ricaine de consommateurs Consumer Reports a \u00e9tudi\u00e9 les variations de l\u2019autonomie caus\u00e9es par les temp\u00e9ratures sur quatre mod\u00e8les de voitures \u00e9lectriques \u00e9galement disponibles en France\u00a0: Ford Mustang Mach-E, Tesla Model Y, Hyundai Ioniq 5 et Volkswagen ID.4. \u00a0 Les autonomies des v\u00e9hicules Si les autonomies des voitures particuli\u00e8res \u00e9lectriques [\u2026] <a class=\"continue-reading-link\" href=\"https:\/\/www.evearly.news\/fr\/impact-des-temperatures-sur-lautonomie-des-voitures-electriques\/\"><\/a><\/p>\n","protected":false},"author":3,"featured_media":0,"comment_status":"closed","ping_status":"closed","sticky":false,"template":"","format":"standard","meta":{"footnotes":""},"categories":[3],"tags":[],"class_list":["post-249552","post","type-post","status-publish","format-standard","hentry","category-avem"],"_links":{"self":[{"href":"https:\/\/www.evearly.news\/fr\/wp-json\/wp\/v2\/posts\/249552","targetHints":{"allow":["GET"]}}],"collection":[{"href":"https:\/\/www.evearly.news\/fr\/wp-json\/wp\/v2\/posts"}],"about":[{"href":"https:\/\/www.evearly.news\/fr\/wp-json\/wp\/v2\/types\/post"}],"author":[{"embeddable":true,"href":"https:\/\/www.evearly.news\/fr\/wp-json\/wp\/v2\/users\/3"}],"replies":[{"embeddable":true,"href":"https:\/\/www.evearly.news\/fr\/wp-json\/wp\/v2\/comments?post=249552"}],"version-history":[{"count":1,"href":"https:\/\/www.evearly.news\/fr\/wp-json\/wp\/v2\/posts\/249552\/revisions"}],"predecessor-version":[{"id":256197,"href":"https:\/\/www.evearly.news\/fr\/wp-json\/wp\/v2\/posts\/249552\/revisions\/256197"}],"wp:attachment":[{"href":"https:\/\/www.evearly.news\/fr\/wp-json\/wp\/v2\/media?parent=249552"}],"wp:term":[{"taxonomy":"category","embeddable":true,"href":"https:\/\/www.evearly.news\/fr\/wp-json\/wp\/v2\/categories?post=249552"},{"taxonomy":"post_tag","embeddable":true,"href":"https:\/\/www.evearly.news\/fr\/wp-json\/wp\/v2\/tags?post=249552"}],"curies":[{"name":"wp","href":"https:\/\/api.w.org\/{rel}","templated":true}]}}