{"id":249554,"date":"2023-08-01T19:39:56","date_gmt":"2023-08-01T17:39:56","guid":{"rendered":"https:\/\/news.evearly.com\/voiture-electrique-a-100-euros-par-mois-voici-les-deux-premiers-vehicules-eligibles\/"},"modified":"2023-08-01T19:39:56","modified_gmt":"2023-08-01T17:39:56","slug":"voiture-electrique-a-100-euros-par-mois-voici-les-deux-premiers-vehicules-eligibles","status":"publish","type":"post","link":"https:\/\/www.evearly.news\/fr\/voiture-electrique-a-100-euros-par-mois-voici-les-deux-premiers-vehicules-eligibles\/","title":{"rendered":"Voiture \u00e9lectrique \u00e0 100 euros par mois : voici les deux premiers v\u00e9hicules \u00e9ligibles"},"content":{"rendered":"<p><img decoding=\"async\" width=\"1200\" height=\"704\" src=\"https:\/\/news.evearly.com\/wp-content\/uploads\/2023\/08\/voiture-electrique-a-100-euros-par-mois-voici-les-deux-premiers-vehicules-eligibles.jpg\" class=\"attachment-large size-large wp-post-image\" alt=\"\" loading=\"lazy\" \/><br \/>Le gouvernement peine \u00e0 trouver des mod\u00e8les \u00e9lectriques pour son fameux leasing social \u00e0 100 euros par mois. Citro\u00ebn va venir \u00e0 sa rescousse avec la nouvelle C3 \u00e9lectrique. <a href=\"https:\/\/www.frandroid.com\/marques\/citroen\/1758925_voiture-electrique-a-100-euros-par-mois-voici-les-deux-premiers-vehicules-eligibles\" target=\"blank\" rel=\"noopener\">Lire la suite&#8230;<\/a><\/p>\n","protected":false},"excerpt":{"rendered":"<p><img decoding=\"async\" width=\"1200\" height=\"704\" src=\"https:\/\/news.evearly.com\/wp-content\/uploads\/2023\/08\/voiture-electrique-a-100-euros-par-mois-voici-les-deux-premiers-vehicules-eligibles.jpg\" class=\"attachment-large size-large wp-post-image\" alt=\"\" loading=\"lazy\" \/><br \/>Le gouvernement peine \u00e0 trouver des mod\u00e8les \u00e9lectriques pour son fameux leasing social \u00e0 100 euros par mois. Citro\u00ebn va venir \u00e0 sa rescousse avec la nouvelle C3 \u00e9lectrique.<\/p>\n<p> <a class=\"continue-reading-link\" href=\"https:\/\/www.evearly.news\/fr\/voiture-electrique-a-100-euros-par-mois-voici-les-deux-premiers-vehicules-eligibles\/\"><\/a><\/p>\n","protected":false},"author":6,"featured_media":249555,"comment_status":"closed","ping_status":"closed","sticky":false,"template":"","format":"standard","meta":{"footnotes":""},"categories":[14],"tags":[],"class_list":["post-249554","post","type-post","status-publish","format-standard","has-post-thumbnail","hentry","category-frandroid"],"_links":{"self":[{"href":"https:\/\/www.evearly.news\/fr\/wp-json\/wp\/v2\/posts\/249554","targetHints":{"allow":["GET"]}}],"collection":[{"href":"https:\/\/www.evearly.news\/fr\/wp-json\/wp\/v2\/posts"}],"about":[{"href":"https:\/\/www.evearly.news\/fr\/wp-json\/wp\/v2\/types\/post"}],"author":[{"embeddable":true,"href":"https:\/\/www.evearly.news\/fr\/wp-json\/wp\/v2\/users\/6"}],"replies":[{"embeddable":true,"href":"https:\/\/www.evearly.news\/fr\/wp-json\/wp\/v2\/comments?post=249554"}],"version-history":[{"count":0,"href":"https:\/\/www.evearly.news\/fr\/wp-json\/wp\/v2\/posts\/249554\/revisions"}],"wp:featuredmedia":[{"embeddable":true,"href":"https:\/\/www.evearly.news\/fr\/wp-json\/"}],"wp:attachment":[{"href":"https:\/\/www.evearly.news\/fr\/wp-json\/wp\/v2\/media?parent=249554"}],"wp:term":[{"taxonomy":"category","embeddable":true,"href":"https:\/\/www.evearly.news\/fr\/wp-json\/wp\/v2\/categories?post=249554"},{"taxonomy":"post_tag","embeddable":true,"href":"https:\/\/www.evearly.news\/fr\/wp-json\/wp\/v2\/tags?post=249554"}],"curies":[{"name":"wp","href":"https:\/\/api.w.org\/{rel}","templated":true}]}}