{"id":249556,"date":"2023-08-01T20:06:59","date_gmt":"2023-08-01T18:06:59","guid":{"rendered":"https:\/\/news.evearly.com\/voici-les-80-voitures-electriques-les-plus-immatriculees-en-juillet-2023-la-dacia-spring-depasse-tesla\/"},"modified":"2023-08-01T20:06:59","modified_gmt":"2023-08-01T18:06:59","slug":"voici-les-80-voitures-electriques-les-plus-immatriculees-en-juillet-2023-la-dacia-spring-depasse-tesla","status":"publish","type":"post","link":"https:\/\/www.evearly.news\/fr\/voici-les-80-voitures-electriques-les-plus-immatriculees-en-juillet-2023-la-dacia-spring-depasse-tesla\/","title":{"rendered":"Voici les 80 voitures \u00e9lectriques les plus immatricul\u00e9es en juillet 2023 : la Dacia Spring d\u00e9passe Tesla"},"content":{"rendered":"<p><img decoding=\"async\" width=\"1200\" height=\"800\" src=\"https:\/\/news.evearly.com\/wp-content\/uploads\/2023\/08\/voici-les-80-voitures-electriques-les-plus-immatriculees-en-juillet-2023-la-dacia-spring-depasse-tesla.jpg\" class=\"attachment-large size-large wp-post-image\" alt=\"\" loading=\"lazy\" \/><br \/>L&rsquo;\u00e9t\u00e9 2023 a \u00e9t\u00e9 marquant pour l&rsquo;industrie automobile fran\u00e7aise, avec une hausse significative dans les immatriculations de voitures neuves. Alors que les v\u00e9hicules hybrides continuent \u00e0 dominer le march\u00e9, les voitures \u00e9lectriques montrent une croissance soutenue. <a href=\"https:\/\/www.frandroid.com\/survoltes\/voitures-electriques\/1759227_voici-les-80-voitures-electriques-les-plus-immatriculees-en-juillet-2023-la-dacia-spring-depasse-tesla\" target=\"blank\" rel=\"noopener\">Lire la suite&#8230;<\/a><\/p>\n","protected":false},"excerpt":{"rendered":"<p><img decoding=\"async\" width=\"1200\" height=\"800\" src=\"https:\/\/news.evearly.com\/wp-content\/uploads\/2023\/08\/voici-les-80-voitures-electriques-les-plus-immatriculees-en-juillet-2023-la-dacia-spring-depasse-tesla.jpg\" class=\"attachment-large size-large wp-post-image\" alt=\"\" loading=\"lazy\" \/><br \/>L&rsquo;\u00e9t\u00e9 2023 a \u00e9t\u00e9 marquant pour l&rsquo;industrie automobile fran\u00e7aise, avec une hausse significative dans les immatriculations de voitures neuves. Alors que les v\u00e9hicules hybrides continuent \u00e0 dominer le march\u00e9, les voitures \u00e9lectriques montrent une croissance soutenue.<\/p>\n<p> <a class=\"continue-reading-link\" href=\"https:\/\/www.evearly.news\/fr\/voici-les-80-voitures-electriques-les-plus-immatriculees-en-juillet-2023-la-dacia-spring-depasse-tesla\/\"><\/a><\/p>\n","protected":false},"author":6,"featured_media":249557,"comment_status":"closed","ping_status":"closed","sticky":false,"template":"","format":"standard","meta":{"footnotes":""},"categories":[14],"tags":[],"class_list":["post-249556","post","type-post","status-publish","format-standard","has-post-thumbnail","hentry","category-frandroid"],"_links":{"self":[{"href":"https:\/\/www.evearly.news\/fr\/wp-json\/wp\/v2\/posts\/249556","targetHints":{"allow":["GET"]}}],"collection":[{"href":"https:\/\/www.evearly.news\/fr\/wp-json\/wp\/v2\/posts"}],"about":[{"href":"https:\/\/www.evearly.news\/fr\/wp-json\/wp\/v2\/types\/post"}],"author":[{"embeddable":true,"href":"https:\/\/www.evearly.news\/fr\/wp-json\/wp\/v2\/users\/6"}],"replies":[{"embeddable":true,"href":"https:\/\/www.evearly.news\/fr\/wp-json\/wp\/v2\/comments?post=249556"}],"version-history":[{"count":0,"href":"https:\/\/www.evearly.news\/fr\/wp-json\/wp\/v2\/posts\/249556\/revisions"}],"wp:featuredmedia":[{"embeddable":true,"href":"https:\/\/www.evearly.news\/fr\/wp-json\/"}],"wp:attachment":[{"href":"https:\/\/www.evearly.news\/fr\/wp-json\/wp\/v2\/media?parent=249556"}],"wp:term":[{"taxonomy":"category","embeddable":true,"href":"https:\/\/www.evearly.news\/fr\/wp-json\/wp\/v2\/categories?post=249556"},{"taxonomy":"post_tag","embeddable":true,"href":"https:\/\/www.evearly.news\/fr\/wp-json\/wp\/v2\/tags?post=249556"}],"curies":[{"name":"wp","href":"https:\/\/api.w.org\/{rel}","templated":true}]}}