{"id":249583,"date":"2023-08-02T08:26:25","date_gmt":"2023-08-02T06:26:25","guid":{"rendered":"https:\/\/news.evearly.com\/baisse-des-ventes-un-score-catastrophique-pour-la-renault-zoe-en-juillet\/"},"modified":"2023-08-17T04:18:57","modified_gmt":"2023-08-17T04:18:57","slug":"baisse-des-ventes-un-score-catastrophique-pour-la-renault-zoe-en-juillet","status":"publish","type":"post","link":"https:\/\/www.evearly.news\/fr\/baisse-des-ventes-un-score-catastrophique-pour-la-renault-zoe-en-juillet\/","title":{"rendered":"Baisse des ventes : un score catastrophique pour la Renault Zo\u00e9 en juillet"},"content":{"rendered":"<p><img decoding=\"async\" width=\"500\" height=\"333\" src=\"https:\/\/news.evearly.com\/wp-content\/uploads\/2023\/08\/baisse-des-ventes-un-score-catastrophique-pour-la-renault-zoe-en-juillet.jpg\" class=\"attachment-1200x800 size-1200x800 wp-post-image\" alt=\"\" loading=\"lazy\" \/><br \/>\nIl n&rsquo;y a pas si longtemps, la Zo\u00e9 \u00e9tait la reine incontest\u00e9e des ventes de voitures \u00e9lectriques. Mais sa fin\u2026 <a href=\"https:\/\/www.automobile-propre.com\/baisse-des-ventes-un-score-catastrophique-pour-la-renault-zoe-en-juillet\/\" target='bwindow' rel=\"noopener\">Lire la suite&#8230;<\/a><\/p>\n","protected":false},"excerpt":{"rendered":"<p>Il n&rsquo;y a pas si longtemps, la Zo\u00e9 \u00e9tait la reine incontest\u00e9e des ventes de voitures \u00e9lectriques. Mais sa fin\u2026<\/p>\n<p> Lire la suite&#8230;&#8230; <a class=\"continue-reading-link\" href=\"https:\/\/www.evearly.news\/fr\/baisse-des-ventes-un-score-catastrophique-pour-la-renault-zoe-en-juillet\/\"><\/a><\/p>\n","protected":false},"author":8,"featured_media":0,"comment_status":"closed","ping_status":"closed","sticky":false,"template":"","format":"standard","meta":{"footnotes":""},"categories":[8],"tags":[],"class_list":["post-249583","post","type-post","status-publish","format-standard","hentry","category-automobile-propre"],"_links":{"self":[{"href":"https:\/\/www.evearly.news\/fr\/wp-json\/wp\/v2\/posts\/249583","targetHints":{"allow":["GET"]}}],"collection":[{"href":"https:\/\/www.evearly.news\/fr\/wp-json\/wp\/v2\/posts"}],"about":[{"href":"https:\/\/www.evearly.news\/fr\/wp-json\/wp\/v2\/types\/post"}],"author":[{"embeddable":true,"href":"https:\/\/www.evearly.news\/fr\/wp-json\/wp\/v2\/users\/8"}],"replies":[{"embeddable":true,"href":"https:\/\/www.evearly.news\/fr\/wp-json\/wp\/v2\/comments?post=249583"}],"version-history":[{"count":1,"href":"https:\/\/www.evearly.news\/fr\/wp-json\/wp\/v2\/posts\/249583\/revisions"}],"predecessor-version":[{"id":252438,"href":"https:\/\/www.evearly.news\/fr\/wp-json\/wp\/v2\/posts\/249583\/revisions\/252438"}],"wp:attachment":[{"href":"https:\/\/www.evearly.news\/fr\/wp-json\/wp\/v2\/media?parent=249583"}],"wp:term":[{"taxonomy":"category","embeddable":true,"href":"https:\/\/www.evearly.news\/fr\/wp-json\/wp\/v2\/categories?post=249583"},{"taxonomy":"post_tag","embeddable":true,"href":"https:\/\/www.evearly.news\/fr\/wp-json\/wp\/v2\/tags?post=249583"}],"curies":[{"name":"wp","href":"https:\/\/api.w.org\/{rel}","templated":true}]}}