{"id":250478,"date":"2023-08-09T15:00:00","date_gmt":"2023-08-09T13:00:00","guid":{"rendered":"https:\/\/news.evearly.com\/la-tesla-model-3-restylee-prochainement-presentee-sa-production-aurait-deja-debute-en-chine\/"},"modified":"2023-08-17T04:30:47","modified_gmt":"2023-08-17T04:30:47","slug":"la-tesla-model-3-restylee-prochainement-presentee-sa-production-aurait-deja-debute-en-chine","status":"publish","type":"post","link":"https:\/\/www.evearly.news\/fr\/la-tesla-model-3-restylee-prochainement-presentee-sa-production-aurait-deja-debute-en-chine\/","title":{"rendered":"La Tesla Model 3 restyl\u00e9e prochainement pr\u00e9sent\u00e9e ? Sa production aurait d\u00e9j\u00e0 d\u00e9but\u00e9 en Chine"},"content":{"rendered":"<p>La berline am\u00e9ricaine s\u2019appr\u00eate \u00e0 recevoir une importante mise \u00e0 jour esth\u00e9tique et technique. Le mod\u00e8le d\u2019entr\u00e9e de gamme s\u2019\u00e9quiperait ainsi d\u2019une nouvelle batterie tandis que l\u2019\u00e9quipement sera am\u00e9lior\u00e9 gr\u00e2ce \u00e0 un int\u00e9rieur repens\u00e9. <a href=\"https:\/\/www.automobile-magazine.fr\/voitures-electriques\/article\/39677-la-tesla-model-3-restylee-prochainement-presentee-sa-production-aurait-deja-debute-en-chine\" target='bwindow' rel=\"noopener\">Lire la suite&#8230;<\/a><\/p>\n","protected":false},"excerpt":{"rendered":"<p>&#8230; <a class=\"continue-reading-link\" href=\"https:\/\/www.evearly.news\/fr\/la-tesla-model-3-restylee-prochainement-presentee-sa-production-aurait-deja-debute-en-chine\/\"><\/a><\/p>\n","protected":false},"author":7,"featured_media":0,"comment_status":"closed","ping_status":"closed","sticky":false,"template":"","format":"standard","meta":{"footnotes":""},"categories":[7],"tags":[],"class_list":["post-250478","post","type-post","status-publish","format-standard","hentry","category-automobile-magazine"],"_links":{"self":[{"href":"https:\/\/www.evearly.news\/fr\/wp-json\/wp\/v2\/posts\/250478","targetHints":{"allow":["GET"]}}],"collection":[{"href":"https:\/\/www.evearly.news\/fr\/wp-json\/wp\/v2\/posts"}],"about":[{"href":"https:\/\/www.evearly.news\/fr\/wp-json\/wp\/v2\/types\/post"}],"author":[{"embeddable":true,"href":"https:\/\/www.evearly.news\/fr\/wp-json\/wp\/v2\/users\/7"}],"replies":[{"embeddable":true,"href":"https:\/\/www.evearly.news\/fr\/wp-json\/wp\/v2\/comments?post=250478"}],"version-history":[{"count":1,"href":"https:\/\/www.evearly.news\/fr\/wp-json\/wp\/v2\/posts\/250478\/revisions"}],"predecessor-version":[{"id":252798,"href":"https:\/\/www.evearly.news\/fr\/wp-json\/wp\/v2\/posts\/250478\/revisions\/252798"}],"wp:attachment":[{"href":"https:\/\/www.evearly.news\/fr\/wp-json\/wp\/v2\/media?parent=250478"}],"wp:term":[{"taxonomy":"category","embeddable":true,"href":"https:\/\/www.evearly.news\/fr\/wp-json\/wp\/v2\/categories?post=250478"},{"taxonomy":"post_tag","embeddable":true,"href":"https:\/\/www.evearly.news\/fr\/wp-json\/wp\/v2\/tags?post=250478"}],"curies":[{"name":"wp","href":"https:\/\/api.w.org\/{rel}","templated":true}]}}