{"id":250510,"date":"2023-08-09T18:48:13","date_gmt":"2023-08-09T16:48:13","guid":{"rendered":"https:\/\/news.evearly.com\/escalade-iq-cadillac-devoile-un-4x4-electrique-avec-une-batterie-demesuree\/"},"modified":"2023-08-17T04:17:49","modified_gmt":"2023-08-17T04:17:49","slug":"escalade-iq-cadillac-devoile-un-4x4-electrique-avec-une-batterie-demesuree","status":"publish","type":"post","link":"https:\/\/www.evearly.news\/fr\/escalade-iq-cadillac-devoile-un-4x4-electrique-avec-une-batterie-demesuree\/","title":{"rendered":"Escalade IQ : Cadillac d\u00e9voile un 4\u00d74 \u00e9lectrique avec une batterie d\u00e9mesur\u00e9e"},"content":{"rendered":"<p><img decoding=\"async\" width=\"500\" height=\"333\" src=\"https:\/\/news.evearly.com\/wp-content\/uploads\/2023\/08\/escalade-iq-cadillac-devoile-un-4x4-electrique-avec-une-batterie-demesuree.jpg\" class=\"attachment-1200x800 size-1200x800 wp-post-image\" alt=\"\" loading=\"lazy\" \/><br \/>\nL&rsquo;Ecalade bascule dans l&rsquo;\u00e8re de l&rsquo;\u00e9lectrique. Cette nouvelle g\u00e9n\u00e9ration re\u00e7oit une batterie de plus de 200 kWh, pour garantir une\u2026 <a href=\"https:\/\/www.automobile-propre.com\/escalade-iq-cadillac-devoile-un-4x4-electrique-avec-une-batterie-demesuree\/\" target='bwindow' rel=\"noopener\">Lire la suite&#8230;<\/a><\/p>\n","protected":false},"excerpt":{"rendered":"<p>L&rsquo;Ecalade bascule dans l&rsquo;\u00e8re de l&rsquo;\u00e9lectrique. Cette nouvelle g\u00e9n\u00e9ration re\u00e7oit une batterie de plus de 200 kWh, pour garantir une\u2026<\/p>\n<p> Lire la suite&#8230;&#8230; <a class=\"continue-reading-link\" href=\"https:\/\/www.evearly.news\/fr\/escalade-iq-cadillac-devoile-un-4x4-electrique-avec-une-batterie-demesuree\/\"><\/a><\/p>\n","protected":false},"author":8,"featured_media":0,"comment_status":"closed","ping_status":"closed","sticky":false,"template":"","format":"standard","meta":{"footnotes":""},"categories":[8],"tags":[],"class_list":["post-250510","post","type-post","status-publish","format-standard","hentry","category-automobile-propre"],"_links":{"self":[{"href":"https:\/\/www.evearly.news\/fr\/wp-json\/wp\/v2\/posts\/250510","targetHints":{"allow":["GET"]}}],"collection":[{"href":"https:\/\/www.evearly.news\/fr\/wp-json\/wp\/v2\/posts"}],"about":[{"href":"https:\/\/www.evearly.news\/fr\/wp-json\/wp\/v2\/types\/post"}],"author":[{"embeddable":true,"href":"https:\/\/www.evearly.news\/fr\/wp-json\/wp\/v2\/users\/8"}],"replies":[{"embeddable":true,"href":"https:\/\/www.evearly.news\/fr\/wp-json\/wp\/v2\/comments?post=250510"}],"version-history":[{"count":1,"href":"https:\/\/www.evearly.news\/fr\/wp-json\/wp\/v2\/posts\/250510\/revisions"}],"predecessor-version":[{"id":252396,"href":"https:\/\/www.evearly.news\/fr\/wp-json\/wp\/v2\/posts\/250510\/revisions\/252396"}],"wp:attachment":[{"href":"https:\/\/www.evearly.news\/fr\/wp-json\/wp\/v2\/media?parent=250510"}],"wp:term":[{"taxonomy":"category","embeddable":true,"href":"https:\/\/www.evearly.news\/fr\/wp-json\/wp\/v2\/categories?post=250510"},{"taxonomy":"post_tag","embeddable":true,"href":"https:\/\/www.evearly.news\/fr\/wp-json\/wp\/v2\/tags?post=250510"}],"curies":[{"name":"wp","href":"https:\/\/api.w.org\/{rel}","templated":true}]}}