{"id":251010,"date":"2023-08-15T12:04:56","date_gmt":"2023-08-15T10:04:56","guid":{"rendered":"https:\/\/news.evearly.com\/lamborghini-va-bientot-presenter-son-premier-modele-electrique\/"},"modified":"2023-08-17T04:17:17","modified_gmt":"2023-08-17T04:17:17","slug":"lamborghini-va-bientot-presenter-son-premier-modele-electrique","status":"publish","type":"post","link":"https:\/\/www.evearly.news\/fr\/lamborghini-va-bientot-presenter-son-premier-modele-electrique\/","title":{"rendered":"Lamborghini va bient\u00f4t pr\u00e9senter son premier mod\u00e8le \u00e9lectrique"},"content":{"rendered":"<p><img decoding=\"async\" width=\"500\" height=\"333\" src=\"https:\/\/news.evearly.com\/wp-content\/uploads\/2023\/08\/lamborghini-va-bientot-presenter-son-premier-modele-electrique.jpg\" class=\"attachment-1200x800 size-1200x800 wp-post-image\" alt=\"\" loading=\"lazy\" \/><br \/>\nLa firme italienne d\u00e9voilera le 18 ao\u00fbt un concept pr\u00e9figurant son premier v\u00e9hicule 100 % \u00e9lectrique, qui devrait prendre l&rsquo;apparence\u2026 <a href=\"https:\/\/www.automobile-propre.com\/lamborghini-va-bientot-presenter-son-premier-modele-electrique\/\" target='bwindow' rel=\"noopener\">Lire la suite&#8230;<\/a><\/p>\n","protected":false},"excerpt":{"rendered":"<p>La firme italienne d\u00e9voilera le 18 ao\u00fbt un concept pr\u00e9figurant son premier v\u00e9hicule 100 % \u00e9lectrique, qui devrait prendre l&rsquo;apparence\u2026<\/p>\n<p> Lire la suite&#8230;&#8230; <a class=\"continue-reading-link\" href=\"https:\/\/www.evearly.news\/fr\/lamborghini-va-bientot-presenter-son-premier-modele-electrique\/\"><\/a><\/p>\n","protected":false},"author":8,"featured_media":0,"comment_status":"closed","ping_status":"closed","sticky":false,"template":"","format":"standard","meta":{"footnotes":""},"categories":[8],"tags":[],"class_list":["post-251010","post","type-post","status-publish","format-standard","hentry","category-automobile-propre"],"_links":{"self":[{"href":"https:\/\/www.evearly.news\/fr\/wp-json\/wp\/v2\/posts\/251010","targetHints":{"allow":["GET"]}}],"collection":[{"href":"https:\/\/www.evearly.news\/fr\/wp-json\/wp\/v2\/posts"}],"about":[{"href":"https:\/\/www.evearly.news\/fr\/wp-json\/wp\/v2\/types\/post"}],"author":[{"embeddable":true,"href":"https:\/\/www.evearly.news\/fr\/wp-json\/wp\/v2\/users\/8"}],"replies":[{"embeddable":true,"href":"https:\/\/www.evearly.news\/fr\/wp-json\/wp\/v2\/comments?post=251010"}],"version-history":[{"count":1,"href":"https:\/\/www.evearly.news\/fr\/wp-json\/wp\/v2\/posts\/251010\/revisions"}],"predecessor-version":[{"id":252372,"href":"https:\/\/www.evearly.news\/fr\/wp-json\/wp\/v2\/posts\/251010\/revisions\/252372"}],"wp:attachment":[{"href":"https:\/\/www.evearly.news\/fr\/wp-json\/wp\/v2\/media?parent=251010"}],"wp:term":[{"taxonomy":"category","embeddable":true,"href":"https:\/\/www.evearly.news\/fr\/wp-json\/wp\/v2\/categories?post=251010"},{"taxonomy":"post_tag","embeddable":true,"href":"https:\/\/www.evearly.news\/fr\/wp-json\/wp\/v2\/tags?post=251010"}],"curies":[{"name":"wp","href":"https:\/\/api.w.org\/{rel}","templated":true}]}}