{"id":255852,"date":"2023-08-01T05:00:00","date_gmt":"2023-08-01T05:00:00","guid":{"rendered":"https:\/\/www.evearly.news\/fr\/future-dacia-c-neo-2026-une-compacte-surelevee-inedite-pour-ratisser-large\/"},"modified":"2023-08-01T05:00:00","modified_gmt":"2023-08-01T05:00:00","slug":"future-dacia-c-neo-2026-une-compacte-surelevee-inedite-pour-ratisser-large","status":"publish","type":"post","link":"https:\/\/www.evearly.news\/fr\/future-dacia-c-neo-2026-une-compacte-surelevee-inedite-pour-ratisser-large\/","title":{"rendered":"Future Dacia C-Neo (2026) : une compacte sur\u00e9lev\u00e9e in\u00e9dite pour ratisser large"},"content":{"rendered":"<div class=\"media_block\"><img decoding=\"async\" src=\"https:\/\/www.evearly.news\/fr\/wp-content\/uploads\/sites\/6\/2023\/08\/future-dacia-c-neo-2026-une-compacte-surelevee-inedite-pour-ratisser-large.jpg\"><\/div>\n<p>Oubli\u00e9e l\u2019\u00e9tiquette low cost \u00e9voluant dans l\u2019ombre de Renault. A pr\u00e9sent, Dacia se donne les moyens de peser autant que la marque m\u00e8re dans ses choix strat\u00e9giques. <a href=\"https:\/\/www.auto-moto.com\/berline-compacte\/future-dacia-c-neo-2026--une-compacte-surelevee-inedite-pour-ratisser-large-23023\" target=\"blank\" rel=\"noopener\">Lire la suite&#8230;<\/a><\/p>\n","protected":false},"excerpt":{"rendered":"<div class=\"media_block\"><img decoding=\"async\" src=\"https:\/\/www.evearly.news\/fr\/wp-content\/uploads\/sites\/6\/2023\/08\/future-dacia-c-neo-2026-une-compacte-surelevee-inedite-pour-ratisser-large.jpg\"><\/div>\n<p>Oubli\u00e9e l\u2019\u00e9tiquette low cost \u00e9voluant dans l\u2019ombre de Renault. A pr\u00e9sent, Dacia se donne les moyens de peser autant que la marque m\u00e8re dans ses choix strat\u00e9giques&#8230;. <a class=\"continue-reading-link\" href=\"https:\/\/www.evearly.news\/fr\/future-dacia-c-neo-2026-une-compacte-surelevee-inedite-pour-ratisser-large\/\"><\/a><\/p>\n","protected":false},"author":9,"featured_media":255853,"comment_status":"closed","ping_status":"closed","sticky":false,"template":"Default","format":"standard","meta":{"footnotes":""},"categories":[10],"tags":[],"class_list":["post-255852","post","type-post","status-publish","format-standard","has-post-thumbnail","hentry","category-auto-moto-com"],"_links":{"self":[{"href":"https:\/\/www.evearly.news\/fr\/wp-json\/wp\/v2\/posts\/255852","targetHints":{"allow":["GET"]}}],"collection":[{"href":"https:\/\/www.evearly.news\/fr\/wp-json\/wp\/v2\/posts"}],"about":[{"href":"https:\/\/www.evearly.news\/fr\/wp-json\/wp\/v2\/types\/post"}],"author":[{"embeddable":true,"href":"https:\/\/www.evearly.news\/fr\/wp-json\/wp\/v2\/users\/9"}],"replies":[{"embeddable":true,"href":"https:\/\/www.evearly.news\/fr\/wp-json\/wp\/v2\/comments?post=255852"}],"version-history":[{"count":0,"href":"https:\/\/www.evearly.news\/fr\/wp-json\/wp\/v2\/posts\/255852\/revisions"}],"wp:featuredmedia":[{"embeddable":true,"href":"https:\/\/www.evearly.news\/fr\/wp-json\/wp\/v2\/media\/255853"}],"wp:attachment":[{"href":"https:\/\/www.evearly.news\/fr\/wp-json\/wp\/v2\/media?parent=255852"}],"wp:term":[{"taxonomy":"category","embeddable":true,"href":"https:\/\/www.evearly.news\/fr\/wp-json\/wp\/v2\/categories?post=255852"},{"taxonomy":"post_tag","embeddable":true,"href":"https:\/\/www.evearly.news\/fr\/wp-json\/wp\/v2\/tags?post=255852"}],"curies":[{"name":"wp","href":"https:\/\/api.w.org\/{rel}","templated":true}]}}