{"id":255856,"date":"2023-07-29T05:00:00","date_gmt":"2023-07-29T05:00:00","guid":{"rendered":"https:\/\/www.evearly.news\/fr\/futur-opel-grandland-2024-le-cousin-du-nouveau-peugeot-3008-en-approche\/"},"modified":"2023-07-29T05:00:00","modified_gmt":"2023-07-29T05:00:00","slug":"futur-opel-grandland-2024-le-cousin-du-nouveau-peugeot-3008-en-approche","status":"publish","type":"post","link":"https:\/\/www.evearly.news\/fr\/futur-opel-grandland-2024-le-cousin-du-nouveau-peugeot-3008-en-approche\/","title":{"rendered":"Futur Opel Grandland (2024) : le cousin du nouveau Peugeot 3008 en approche"},"content":{"rendered":"<div class=\"media_block\"><img decoding=\"async\" src=\"https:\/\/www.evearly.news\/fr\/wp-content\/uploads\/sites\/6\/2023\/08\/futur-opel-grandland-2024-le-cousin-du-nouveau-peugeot-3008-en-approche.jpg\"><\/div>\n<p>Opel l\u00e8vera bient\u00f4t le voile sur sa seconde g\u00e9n\u00e9ration de Grandland, un SUV compact qui, pour la premi\u00e8re fois, aura droit \u00e0 une variante 100% \u00e9lectrique. <a href=\"https:\/\/www.auto-moto.com\/suv\/futur-opel-grandland-2024--le-cousin-du-nouveau-peugeot-3008-en-approche-22916\" target=\"blank\" rel=\"noopener\">Lire la suite&#8230;<\/a><\/p>\n","protected":false},"excerpt":{"rendered":"<div class=\"media_block\"><img decoding=\"async\" src=\"https:\/\/www.evearly.news\/fr\/wp-content\/uploads\/sites\/6\/2023\/08\/futur-opel-grandland-2024-le-cousin-du-nouveau-peugeot-3008-en-approche.jpg\"><\/div>\n<p>Opel l\u00e8vera bient\u00f4t le voile sur sa seconde g\u00e9n\u00e9ration de Grandland, un SUV compact qui, pour la premi\u00e8re fois, aura droit \u00e0 une variante 100% \u00e9lectrique&#8230;. <a class=\"continue-reading-link\" href=\"https:\/\/www.evearly.news\/fr\/futur-opel-grandland-2024-le-cousin-du-nouveau-peugeot-3008-en-approche\/\"><\/a><\/p>\n","protected":false},"author":9,"featured_media":255857,"comment_status":"closed","ping_status":"closed","sticky":false,"template":"Default","format":"standard","meta":{"footnotes":""},"categories":[10],"tags":[],"class_list":["post-255856","post","type-post","status-publish","format-standard","has-post-thumbnail","hentry","category-auto-moto-com"],"_links":{"self":[{"href":"https:\/\/www.evearly.news\/fr\/wp-json\/wp\/v2\/posts\/255856","targetHints":{"allow":["GET"]}}],"collection":[{"href":"https:\/\/www.evearly.news\/fr\/wp-json\/wp\/v2\/posts"}],"about":[{"href":"https:\/\/www.evearly.news\/fr\/wp-json\/wp\/v2\/types\/post"}],"author":[{"embeddable":true,"href":"https:\/\/www.evearly.news\/fr\/wp-json\/wp\/v2\/users\/9"}],"replies":[{"embeddable":true,"href":"https:\/\/www.evearly.news\/fr\/wp-json\/wp\/v2\/comments?post=255856"}],"version-history":[{"count":0,"href":"https:\/\/www.evearly.news\/fr\/wp-json\/wp\/v2\/posts\/255856\/revisions"}],"wp:featuredmedia":[{"embeddable":true,"href":"https:\/\/www.evearly.news\/fr\/wp-json\/wp\/v2\/media\/255857"}],"wp:attachment":[{"href":"https:\/\/www.evearly.news\/fr\/wp-json\/wp\/v2\/media?parent=255856"}],"wp:term":[{"taxonomy":"category","embeddable":true,"href":"https:\/\/www.evearly.news\/fr\/wp-json\/wp\/v2\/categories?post=255856"},{"taxonomy":"post_tag","embeddable":true,"href":"https:\/\/www.evearly.news\/fr\/wp-json\/wp\/v2\/tags?post=255856"}],"curies":[{"name":"wp","href":"https:\/\/api.w.org\/{rel}","templated":true}]}}