{"id":257528,"date":"2023-08-18T06:00:00","date_gmt":"2023-08-18T06:00:00","guid":{"rendered":"https:\/\/www.evearly.news\/fr\/le-recyclage-des-batteries-de-vehicules-electriques-pas-pres-detre-rentable\/"},"modified":"2023-08-18T06:00:00","modified_gmt":"2023-08-18T06:00:00","slug":"le-recyclage-des-batteries-de-vehicules-electriques-pas-pres-detre-rentable","status":"publish","type":"post","link":"https:\/\/www.evearly.news\/fr\/le-recyclage-des-batteries-de-vehicules-electriques-pas-pres-detre-rentable\/","title":{"rendered":"Le recyclage des batteries de v\u00e9hicules \u00e9lectriques, pas pr\u00e8s d&rsquo;\u00eatre rentable ?"},"content":{"rendered":"<div class=\"media_block\"><img decoding=\"async\" src=\"https:\/\/www.evearly.news\/fr\/wp-content\/uploads\/sites\/6\/2023\/08\/le-recyclage-des-batteries-de-vehicules-electriques-pas-pres-detre-rentable.jpg\"><\/div>\n<p>La voiture \u00e9lectrique a cet avantage sur le thermique que son \u00ab\u00a0coeur\u00a0\u00bb est recyclable pour redonner une nouvelle batterie. Mais cette activit\u00e9 est encore loin d&rsquo;\u00eatre rentable. <a onClick='Showbrowser2();' href=\"https:\/\/www.automobile-magazine.fr\/voitures-electriques\/article\/39760-le-recyclage-des-batteries-de-vehicules-electriques-pas-pres-detre-rentable\" target='bwindow' rel=\"noopener\">Lire la suite&#8230;<\/a><\/p>\n","protected":false},"excerpt":{"rendered":"<div class=\"media_block\"><img decoding=\"async\" src=\"https:\/\/www.evearly.news\/fr\/wp-content\/uploads\/sites\/6\/2023\/08\/le-recyclage-des-batteries-de-vehicules-electriques-pas-pres-detre-rentable.jpg\"><\/div>\n<p> <a class=\"continue-reading-link\" href=\"https:\/\/www.evearly.news\/fr\/le-recyclage-des-batteries-de-vehicules-electriques-pas-pres-detre-rentable\/\"><\/a><\/p>\n","protected":false},"author":7,"featured_media":257529,"comment_status":"closed","ping_status":"closed","sticky":false,"template":"Default","format":"standard","meta":{"footnotes":""},"categories":[7],"tags":[],"class_list":["post-257528","post","type-post","status-publish","format-standard","has-post-thumbnail","hentry","category-automobile-magazine"],"_links":{"self":[{"href":"https:\/\/www.evearly.news\/fr\/wp-json\/wp\/v2\/posts\/257528","targetHints":{"allow":["GET"]}}],"collection":[{"href":"https:\/\/www.evearly.news\/fr\/wp-json\/wp\/v2\/posts"}],"about":[{"href":"https:\/\/www.evearly.news\/fr\/wp-json\/wp\/v2\/types\/post"}],"author":[{"embeddable":true,"href":"https:\/\/www.evearly.news\/fr\/wp-json\/wp\/v2\/users\/7"}],"replies":[{"embeddable":true,"href":"https:\/\/www.evearly.news\/fr\/wp-json\/wp\/v2\/comments?post=257528"}],"version-history":[{"count":0,"href":"https:\/\/www.evearly.news\/fr\/wp-json\/wp\/v2\/posts\/257528\/revisions"}],"wp:featuredmedia":[{"embeddable":true,"href":"https:\/\/www.evearly.news\/fr\/wp-json\/wp\/v2\/media\/257529"}],"wp:attachment":[{"href":"https:\/\/www.evearly.news\/fr\/wp-json\/wp\/v2\/media?parent=257528"}],"wp:term":[{"taxonomy":"category","embeddable":true,"href":"https:\/\/www.evearly.news\/fr\/wp-json\/wp\/v2\/categories?post=257528"},{"taxonomy":"post_tag","embeddable":true,"href":"https:\/\/www.evearly.news\/fr\/wp-json\/wp\/v2\/tags?post=257528"}],"curies":[{"name":"wp","href":"https:\/\/api.w.org\/{rel}","templated":true}]}}